{"id":96418,"date":"2020-06-30T09:16:03","date_gmt":"2020-06-30T12:16:03","guid":{"rendered":"http:\/\/ccs2.ufpel.edu.br\/wp\/?p=96418"},"modified":"2020-06-30T09:16:03","modified_gmt":"2020-06-30T12:16:03","slug":"relacoes-internacionais-promove-videoconferencia-sobre-trump-e-sua-campanha-de-reeleicao","status":"publish","type":"post","link":"https:\/\/ccs2.ufpel.edu.br\/wp\/2020\/06\/30\/relacoes-internacionais-promove-videoconferencia-sobre-trump-e-sua-campanha-de-reeleicao\/","title":{"rendered":"Rela\u00e7\u00f5es Internacionais promove videoconfer\u00eancia sobre Trump e sua campanha de reelei\u00e7\u00e3o"},"content":{"rendered":"<p><a href=\"https:\/\/ccs2.ufpel.edu.br\/wp\/2020\/06\/30\/relacoes-internacionais-promove-videoconferencia-sobre-trump-e-sua-campanha-de-reeleicao\/convite-_padf_-neusa-001\/\" rel=\"attachment wp-att-96420\"><img loading=\"lazy\" decoding=\"async\" data-attachment-id=\"96420\" data-permalink=\"https:\/\/ccs2.ufpel.edu.br\/wp\/2020\/06\/30\/relacoes-internacionais-promove-videoconferencia-sobre-trump-e-sua-campanha-de-reeleicao\/convite-_padf_-neusa-001\/\" data-orig-file=\"https:\/\/ccs2.ufpel.edu.br\/wp\/wp-content\/uploads\/2020\/06\/Convite-_PADF_-Neusa.001.jpeg\" data-orig-size=\"1024,768\" data-comments-opened=\"0\" data-image-meta=\"{&quot;aperture&quot;:&quot;0&quot;,&quot;credit&quot;:&quot;&quot;,&quot;camera&quot;:&quot;&quot;,&quot;caption&quot;:&quot;&quot;,&quot;created_timestamp&quot;:&quot;0&quot;,&quot;copyright&quot;:&quot;&quot;,&quot;focal_length&quot;:&quot;0&quot;,&quot;iso&quot;:&quot;0&quot;,&quot;shutter_speed&quot;:&quot;0&quot;,&quot;title&quot;:&quot;&quot;,&quot;orientation&quot;:&quot;0&quot;}\" data-image-title=\"Convite _PADF_ (Neusa).001\" data-image-description=\"\" data-image-caption=\"\" data-medium-file=\"https:\/\/ccs2.ufpel.edu.br\/wp\/wp-content\/uploads\/2020\/06\/Convite-_PADF_-Neusa.001-400x300.jpeg\" data-large-file=\"https:\/\/ccs2.ufpel.edu.br\/wp\/wp-content\/uploads\/2020\/06\/Convite-_PADF_-Neusa.001.jpeg\" class=\"size-medium wp-image-96420 alignleft\" src=\"https:\/\/ccs2.ufpel.edu.br\/wp\/wp-content\/uploads\/2020\/06\/Convite-_PADF_-Neusa.001-400x300.jpeg\" alt=\"\" width=\"400\" height=\"300\" srcset=\"https:\/\/ccs2.ufpel.edu.br\/wp\/wp-content\/uploads\/2020\/06\/Convite-_PADF_-Neusa.001-400x300.jpeg 400w, https:\/\/ccs2.ufpel.edu.br\/wp\/wp-content\/uploads\/2020\/06\/Convite-_PADF_-Neusa.001-768x576.jpeg 768w, https:\/\/ccs2.ufpel.edu.br\/wp\/wp-content\/uploads\/2020\/06\/Convite-_PADF_-Neusa.001.jpeg 1024w\" sizes=\"auto, (max-width: 400px) 100vw, 400px\" \/><\/a>Nesta quarta-feira (01\/07), \u00e0s 19h, via <a href=\"https:\/\/www.youtube.com\/channel\/UCfYIpsvmuYZMaUF2kp7RX2g\/featured?disable_polymer=1\">YouTube<\/a> a professora Neusa Maria Pereira Bojikian ser\u00e1 a convidada do projeto de ensino \u201cPara al\u00e9m das Fronteiras: videoconfer\u00eancias em RI\u201d, do curso de Rela\u00e7\u00f5es Internacionais da Universidade Federal de Pelotas (UFPel). Ela ir\u00e1 ministrar a palestra \u201cTrump e sua campanha de reelei\u00e7\u00e3o diante de um contexto de tr\u00edplice crise nos Estados Unidos: em destaque a crise econ\u00f4mica e as rela\u00e7\u00f5es comerciais\u201d. A palestra comp\u00f5e o bloco tem\u00e1tico \u201cOs EUA na \u00faltima d\u00e9cada\u201d, fruto da parceria com o Programa de P\u00f3s-Gradua\u00e7\u00e3o em Rela\u00e7\u00f5es Internacionais San Tiago Dantas (<a href=\"https:\/\/www.santiagodantas-ppgri.org\/\">PPGRI STD<\/a>).<\/p>\n<p>Inscri\u00e7\u00e3o e mais informa\u00e7\u00f5es <a href=\"https:\/\/wp.ufpel.edu.br\/epdi\/videoconferencia-com-a-profa-dra-neusa-bojikian-01-07\/\">aqui<\/a>.<\/p>\n<p>A professora Neusa Maria Pereira Bojikian tem p\u00f3s-doutorado em Pol\u00edtica Econ\u00f4mica Internacional com \u00eanfase em Pol\u00edtica Comercial dos Estados Unidos para o setor de servi\u00e7os, INCT-INEU\/Unicamp. Doutorado e mestrado em Rela\u00e7\u00f5es Internacionais, Unicamp-PPGRI Unesp, Unicamp, PUC-SP. Especializa\u00e7\u00e3o em Negocia\u00e7\u00f5es Econ\u00f4micas Internacionais, Unesp. Especializa\u00e7\u00e3o em Gest\u00e3o de Neg\u00f3cios com Sistemas Integrados, Escola de Administra\u00e7\u00e3o de Empresas da FGV-SP. Certificada em cursos pedag\u00f3gicos sobre estrat\u00e9gias e t\u00e9cnicas de negocia\u00e7\u00e3o, incluindo negocia\u00e7\u00e3o internacional, <em>Northwestern University Law School-Dispute Resolution Research Center<\/em> (Chicago, US); <em>Harvard Law School-Program on Negotiation<\/em> (Cambridge, US); <em>Kellogg School of Management-Northwestern University<\/em> (Evanston, US). Possui experi\u00eancia como docente em cursos de Rela\u00e7\u00f5es Internacionais e de Administra\u00e7\u00e3o P\u00fablica e de Empresas, com atua\u00e7\u00e3o nas seguintes \u00e1reas: Economia Pol\u00edtica Internacional, Organiza\u00e7\u00f5es Econ\u00f4micas Internacionais, Sistema Multilateral de Com\u00e9rcio, Acordos Comerciais Preferenciais, Regulamenta\u00e7\u00e3o do Com\u00e9rcio Internacional de Servi\u00e7os, Teoria e Aplica\u00e7\u00e3o de Estrat\u00e9gias e T\u00e9cnicas de Negocia\u00e7\u00e3o Internacional.<\/p>\n","protected":false},"excerpt":{"rendered":"<p>Nesta quarta-feira (01\/07), \u00e0s 19h, via YouTube a professora Neusa Maria Pereira Bojikian ser\u00e1 a convidada do projeto de ensino \u201cPara al\u00e9m das Fronteiras: videoconfer\u00eancias em RI\u201d, do curso de Rela\u00e7\u00f5es Internacionais da Universidade Federal de Pelotas (UFPel). Ela ir\u00e1 ministrar a palestra \u201cTrump e sua campanha de reelei\u00e7\u00e3o diante de um contexto de tr\u00edplice [&hellip;]<\/p>\n","protected":false},"author":13,"featured_media":96420,"comment_status":"closed","ping_status":"closed","sticky":false,"template":"","format":"standard","meta":{"_jetpack_memberships_contains_paid_content":false,"footnotes":""},"categories":[4,1],"tags":[496],"class_list":["post-96418","post","type-post","status-publish","format-standard","has-post-thumbnail","hentry","category-destaque","category-noticias","tag-relacoes-internacionais"],"jetpack_featured_media_url":"https:\/\/ccs2.ufpel.edu.br\/wp\/wp-content\/uploads\/2020\/06\/Convite-_PADF_-Neusa.001.jpeg","jetpack_sharing_enabled":true,"_links":{"self":[{"href":"https:\/\/ccs2.ufpel.edu.br\/wp\/wp-json\/wp\/v2\/posts\/96418","targetHints":{"allow":["GET"]}}],"collection":[{"href":"https:\/\/ccs2.ufpel.edu.br\/wp\/wp-json\/wp\/v2\/posts"}],"about":[{"href":"https:\/\/ccs2.ufpel.edu.br\/wp\/wp-json\/wp\/v2\/types\/post"}],"author":[{"embeddable":true,"href":"https:\/\/ccs2.ufpel.edu.br\/wp\/wp-json\/wp\/v2\/users\/13"}],"replies":[{"embeddable":true,"href":"https:\/\/ccs2.ufpel.edu.br\/wp\/wp-json\/wp\/v2\/comments?post=96418"}],"version-history":[{"count":2,"href":"https:\/\/ccs2.ufpel.edu.br\/wp\/wp-json\/wp\/v2\/posts\/96418\/revisions"}],"predecessor-version":[{"id":96422,"href":"https:\/\/ccs2.ufpel.edu.br\/wp\/wp-json\/wp\/v2\/posts\/96418\/revisions\/96422"}],"wp:featuredmedia":[{"embeddable":true,"href":"https:\/\/ccs2.ufpel.edu.br\/wp\/wp-json\/wp\/v2\/media\/96420"}],"wp:attachment":[{"href":"https:\/\/ccs2.ufpel.edu.br\/wp\/wp-json\/wp\/v2\/media?parent=96418"}],"wp:term":[{"taxonomy":"category","embeddable":true,"href":"https:\/\/ccs2.ufpel.edu.br\/wp\/wp-json\/wp\/v2\/categories?post=96418"},{"taxonomy":"post_tag","embeddable":true,"href":"https:\/\/ccs2.ufpel.edu.br\/wp\/wp-json\/wp\/v2\/tags?post=96418"}],"curies":[{"name":"wp","href":"https:\/\/api.w.org\/{rel}","templated":true}]}}