{"id":84131,"date":"2019-03-13T10:12:35","date_gmt":"2019-03-13T13:12:35","guid":{"rendered":"http:\/\/ccs2.ufpel.edu.br\/wp\/?p=84131"},"modified":"2019-03-13T10:12:35","modified_gmt":"2019-03-13T13:12:35","slug":"campus-capao-do-leao-tem-novas-indicacoes-para-trafego-de-veiculos","status":"publish","type":"post","link":"https:\/\/ccs2.ufpel.edu.br\/wp\/2019\/03\/13\/campus-capao-do-leao-tem-novas-indicacoes-para-trafego-de-veiculos\/","title":{"rendered":"Campus Cap\u00e3o do Le\u00e3o tem novas indica\u00e7\u00f5es para tr\u00e1fego de ve\u00edculos"},"content":{"rendered":"<p><a href=\"https:\/\/ccs2.ufpel.edu.br\/wp\/wp-content\/uploads\/2019\/01\/planta.jpg\"><img loading=\"lazy\" decoding=\"async\" data-attachment-id=\"83326\" data-permalink=\"https:\/\/ccs2.ufpel.edu.br\/wp\/2019\/01\/17\/transito-de-veiculos-no-capao-do-leao-passa-por-adequacao\/cusersnucleo-planejamentodropboxproplan-npfmapa-sentido-un\/\" data-orig-file=\"https:\/\/ccs2.ufpel.edu.br\/wp\/wp-content\/uploads\/2019\/01\/planta.jpg\" data-orig-size=\"969,672\" data-comments-opened=\"0\" data-image-meta=\"{&quot;aperture&quot;:&quot;0&quot;,&quot;credit&quot;:&quot;NUCLEO PLANEJAMENTO&quot;,&quot;camera&quot;:&quot;&quot;,&quot;caption&quot;:&quot;&quot;,&quot;created_timestamp&quot;:&quot;0&quot;,&quot;copyright&quot;:&quot;&quot;,&quot;focal_length&quot;:&quot;0&quot;,&quot;iso&quot;:&quot;0&quot;,&quot;shutter_speed&quot;:&quot;0&quot;,&quot;title&quot;:&quot;C:UsersNUCLEO PLANEJAMENTODropboxPROPLAN-NPFMAPA SENTIDO UN&quot;,&quot;orientation&quot;:&quot;1&quot;}\" data-image-title=\"C:UsersNUCLEO PLANEJAMENTODropboxPROPLAN-NPFMAPA SENTIDO UN\" data-image-description=\"\" data-image-caption=\"\" data-medium-file=\"https:\/\/ccs2.ufpel.edu.br\/wp\/wp-content\/uploads\/2019\/01\/planta-400x277.jpg\" data-large-file=\"https:\/\/ccs2.ufpel.edu.br\/wp\/wp-content\/uploads\/2019\/01\/planta.jpg\" class=\"alignleft size-medium wp-image-83326\" src=\"https:\/\/ccs2.ufpel.edu.br\/wp\/wp-content\/uploads\/2019\/01\/planta-400x277.jpg\" alt=\"\" width=\"400\" height=\"277\" srcset=\"https:\/\/ccs2.ufpel.edu.br\/wp\/wp-content\/uploads\/2019\/01\/planta-400x277.jpg 400w, https:\/\/ccs2.ufpel.edu.br\/wp\/wp-content\/uploads\/2019\/01\/planta-768x533.jpg 768w, https:\/\/ccs2.ufpel.edu.br\/wp\/wp-content\/uploads\/2019\/01\/planta.jpg 969w\" sizes=\"auto, (max-width: 400px) 100vw, 400px\" \/><\/a>Desde o dia 1\u00ba de fevereiro, o Campus Cap\u00e3o do Le\u00e3o est\u00e1 com tr\u00e2nsito em via de m\u00e3o \u00fanica, correspondendo ao sentido hor\u00e1rio, no trecho vi\u00e1rio com in\u00edcio no cruzamento da via de acesso e a via em frente ao Pr\u00e9dio da Faculdade de Agronomia Eliseu Maciel at\u00e9 o cruzamento da via localizada aos fundos do Pr\u00e9dio 5 e a via de acesso. As determina\u00e7\u00f5es est\u00e3o na Portaria N\u00ba 114, de 15 de janeiro de 2019.<\/p>\n<p>Cabe salientar que a velocidade m\u00e1xima \u00e9 de 30 km\/h para circula\u00e7\u00e3o de ve\u00edculos em todas as vias internas.<\/p>\n<p>O estacionamento de ve\u00edculos deve observar rigorosamente a sinaliza\u00e7\u00e3o indicativa.<\/p>\n<p>&nbsp;<\/p>\n","protected":false},"excerpt":{"rendered":"<p>Desde o dia 1\u00ba de fevereiro, o Campus Cap\u00e3o do Le\u00e3o est\u00e1 com tr\u00e2nsito em via de m\u00e3o \u00fanica, correspondendo ao sentido hor\u00e1rio, no trecho vi\u00e1rio com in\u00edcio no cruzamento da via de acesso e a via em frente ao Pr\u00e9dio da Faculdade de Agronomia Eliseu Maciel at\u00e9 o cruzamento da via localizada aos fundos [&hellip;]<\/p>\n","protected":false},"author":9,"featured_media":83326,"comment_status":"closed","ping_status":"closed","sticky":false,"template":"","format":"standard","meta":{"_jetpack_memberships_contains_paid_content":false,"footnotes":""},"categories":[4,17,18,1],"tags":[120,410,818,387,903,839,398,645],"class_list":["post-84131","post","type-post","status-publish","format-standard","has-post-thumbnail","hentry","category-destaque","category-informes-academicos","category-informes-administrativos","category-noticias","tag-campus-capao-do-leao","tag-docentes","tag-estudantes","tag-planejamento-e-desenvolvimento","tag-plano-diretor","tag-pro-reitoria-de-planejamento-e-desenvolvimento","tag-servidores","tag-tecnicos-administrativos"],"jetpack_featured_media_url":"https:\/\/ccs2.ufpel.edu.br\/wp\/wp-content\/uploads\/2019\/01\/planta.jpg","jetpack_sharing_enabled":true,"_links":{"self":[{"href":"https:\/\/ccs2.ufpel.edu.br\/wp\/wp-json\/wp\/v2\/posts\/84131","targetHints":{"allow":["GET"]}}],"collection":[{"href":"https:\/\/ccs2.ufpel.edu.br\/wp\/wp-json\/wp\/v2\/posts"}],"about":[{"href":"https:\/\/ccs2.ufpel.edu.br\/wp\/wp-json\/wp\/v2\/types\/post"}],"author":[{"embeddable":true,"href":"https:\/\/ccs2.ufpel.edu.br\/wp\/wp-json\/wp\/v2\/users\/9"}],"replies":[{"embeddable":true,"href":"https:\/\/ccs2.ufpel.edu.br\/wp\/wp-json\/wp\/v2\/comments?post=84131"}],"version-history":[{"count":1,"href":"https:\/\/ccs2.ufpel.edu.br\/wp\/wp-json\/wp\/v2\/posts\/84131\/revisions"}],"predecessor-version":[{"id":84133,"href":"https:\/\/ccs2.ufpel.edu.br\/wp\/wp-json\/wp\/v2\/posts\/84131\/revisions\/84133"}],"wp:featuredmedia":[{"embeddable":true,"href":"https:\/\/ccs2.ufpel.edu.br\/wp\/wp-json\/wp\/v2\/media\/83326"}],"wp:attachment":[{"href":"https:\/\/ccs2.ufpel.edu.br\/wp\/wp-json\/wp\/v2\/media?parent=84131"}],"wp:term":[{"taxonomy":"category","embeddable":true,"href":"https:\/\/ccs2.ufpel.edu.br\/wp\/wp-json\/wp\/v2\/categories?post=84131"},{"taxonomy":"post_tag","embeddable":true,"href":"https:\/\/ccs2.ufpel.edu.br\/wp\/wp-json\/wp\/v2\/tags?post=84131"}],"curies":[{"name":"wp","href":"https:\/\/api.w.org\/{rel}","templated":true}]}}