{"id":69117,"date":"2017-08-01T15:20:32","date_gmt":"2017-08-01T18:20:32","guid":{"rendered":"http:\/\/ccs2.ufpel.edu.br\/wp\/?p=69117"},"modified":"2017-08-08T09:25:32","modified_gmt":"2017-08-08T12:25:32","slug":"piquenique-marcara-inicio-das-comemoracoes-do-aniversario-da-ufpel","status":"publish","type":"post","link":"https:\/\/ccs2.ufpel.edu.br\/wp\/2017\/08\/01\/piquenique-marcara-inicio-das-comemoracoes-do-aniversario-da-ufpel\/","title":{"rendered":"Piquenique foi transferido para dia 11 de agosto"},"content":{"rendered":"<p>O piquenique, no Campus Cap\u00e3o do Le\u00e3o, que seria realizado nesta sexta, dia 4 de agosto, foi transferido para a sexta-feira, dia 11 de agosto, \u00e0s 11h, e vai marcar o encerramento das comemora\u00e7\u00f5es dos 48 anos da Universidade Federal de Pelotas. A atividade deve ir at\u00e9 as 14h e \u00e9 aberta a toda a comunidade acad\u00eamica, que poder\u00e1 levar seus cestos de lanches\u00a0 e se divertir no agrad\u00e1vel cen\u00e1rio do campus Cap\u00e3o do Le\u00e3o da Universidade.<\/p>\n<p>Uma equipe do curso de Gastronomia ir\u00e1 fazer um bolo de anivers\u00e1rio para a Universidade, que ser\u00e1 servido no piquenique. Um palco livre estar\u00e1 \u00e0 disposi\u00e7\u00e3o de quem desejar fazer apresenta\u00e7\u00f5es art\u00edsticas ou culturais. A Escola Superior de Educa\u00e7\u00e3o F\u00edsica realizar\u00e1 uma apresenta\u00e7\u00e3o especial para a data. Tudo ocorrer\u00e1 na \u00e1rea que fica em frente \u00e0 entrada principal da Faculdade de Agronomia.<\/p>\n<p>De acordo com os organizadores, a proposta do piquenique \u00e9 oferecer um tempo de conv\u00edvio e celebra\u00e7\u00e3o, desfrutando dos espa\u00e7os de lazer da pr\u00f3pria Universidade. Nesse sentido, incentiva que as pessoas se organizem em seus setores de trabalho ou com seus colegas de turma para irem juntos ao Cap\u00e3o de Le\u00e3o neste dia.<\/p>\n<p>O anivers\u00e1rio da UFPel \u00e9 celebrado no dia 8 de agosto. Nesta data, haver\u00e1 uma programa\u00e7\u00e3o especial no Largo do Mercado Central a partir das 13h30min, com apresenta\u00e7\u00e3o de orquestra, banda marcial, dan\u00e7a entre outras atra\u00e7\u00f5es para a comunidade. Durante toda a semana, ser\u00e3o realizados eventos art\u00edsticos e culturais nas unidades acad\u00eamicas para celebrar os 48 anos da Universidade.<\/p>\n","protected":false},"excerpt":{"rendered":"<p>O piquenique, no Campus Cap\u00e3o do Le\u00e3o, que seria realizado nesta sexta, dia 4 de agosto, foi transferido para a sexta-feira, dia 11 de agosto, \u00e0s 11h, e vai marcar o encerramento das comemora\u00e7\u00f5es dos 48 anos da Universidade Federal de Pelotas. A atividade deve ir at\u00e9 as 14h e \u00e9 aberta a toda a [&hellip;]<\/p>\n","protected":false},"author":3,"featured_media":0,"comment_status":"closed","ping_status":"closed","sticky":false,"template":"","format":"standard","meta":{"_jetpack_memberships_contains_paid_content":false,"footnotes":""},"categories":[17,1],"tags":[],"class_list":["post-69117","post","type-post","status-publish","format-standard","hentry","category-informes-academicos","category-noticias"],"jetpack_featured_media_url":"","jetpack_sharing_enabled":true,"_links":{"self":[{"href":"https:\/\/ccs2.ufpel.edu.br\/wp\/wp-json\/wp\/v2\/posts\/69117","targetHints":{"allow":["GET"]}}],"collection":[{"href":"https:\/\/ccs2.ufpel.edu.br\/wp\/wp-json\/wp\/v2\/posts"}],"about":[{"href":"https:\/\/ccs2.ufpel.edu.br\/wp\/wp-json\/wp\/v2\/types\/post"}],"author":[{"embeddable":true,"href":"https:\/\/ccs2.ufpel.edu.br\/wp\/wp-json\/wp\/v2\/users\/3"}],"replies":[{"embeddable":true,"href":"https:\/\/ccs2.ufpel.edu.br\/wp\/wp-json\/wp\/v2\/comments?post=69117"}],"version-history":[{"count":12,"href":"https:\/\/ccs2.ufpel.edu.br\/wp\/wp-json\/wp\/v2\/posts\/69117\/revisions"}],"predecessor-version":[{"id":69468,"href":"https:\/\/ccs2.ufpel.edu.br\/wp\/wp-json\/wp\/v2\/posts\/69117\/revisions\/69468"}],"wp:attachment":[{"href":"https:\/\/ccs2.ufpel.edu.br\/wp\/wp-json\/wp\/v2\/media?parent=69117"}],"wp:term":[{"taxonomy":"category","embeddable":true,"href":"https:\/\/ccs2.ufpel.edu.br\/wp\/wp-json\/wp\/v2\/categories?post=69117"},{"taxonomy":"post_tag","embeddable":true,"href":"https:\/\/ccs2.ufpel.edu.br\/wp\/wp-json\/wp\/v2\/tags?post=69117"}],"curies":[{"name":"wp","href":"https:\/\/api.w.org\/{rel}","templated":true}]}}