{"id":58168,"date":"2016-06-30T10:11:08","date_gmt":"2016-06-30T13:11:08","guid":{"rendered":"http:\/\/ccs2.ufpel.edu.br\/wp\/?p=58168"},"modified":"2016-06-30T10:11:08","modified_gmt":"2016-06-30T13:11:08","slug":"professor-da-universidade-do-texas-visita-ufpel","status":"publish","type":"post","link":"https:\/\/ccs2.ufpel.edu.br\/wp\/2016\/06\/30\/professor-da-universidade-do-texas-visita-ufpel\/","title":{"rendered":"Professor da Universidade do Texas visita UFPel"},"content":{"rendered":"<p><img loading=\"lazy\" decoding=\"async\" data-attachment-id=\"58170\" data-permalink=\"https:\/\/ccs2.ufpel.edu.br\/wp\/2016\/06\/30\/professor-da-universidade-do-texas-visita-ufpel\/dscf5715\/\" data-orig-file=\"https:\/\/ccs2.ufpel.edu.br\/wp\/wp-content\/uploads\/2016\/06\/DSCF5715.jpg\" data-orig-size=\"4288,2864\" data-comments-opened=\"0\" data-image-meta=\"{&quot;aperture&quot;:&quot;3.1&quot;,&quot;credit&quot;:&quot;&quot;,&quot;camera&quot;:&quot;FinePix S4000&quot;,&quot;caption&quot;:&quot;&quot;,&quot;created_timestamp&quot;:&quot;947075401&quot;,&quot;copyright&quot;:&quot;&quot;,&quot;focal_length&quot;:&quot;4.3&quot;,&quot;iso&quot;:&quot;800&quot;,&quot;shutter_speed&quot;:&quot;0.033333333333333&quot;,&quot;title&quot;:&quot;&quot;,&quot;orientation&quot;:&quot;1&quot;}\" data-image-title=\"DSCF5715\" data-image-description=\"\" data-image-caption=\"\" data-medium-file=\"https:\/\/ccs2.ufpel.edu.br\/wp\/wp-content\/uploads\/2016\/06\/DSCF5715-200x134.jpg\" data-large-file=\"https:\/\/ccs2.ufpel.edu.br\/wp\/wp-content\/uploads\/2016\/06\/DSCF5715-898x600.jpg\" class=\"alignleft size-medium wp-image-58170\" src=\"https:\/\/ccs2.ufpel.edu.br\/wp\/wp-content\/uploads\/2016\/06\/DSCF5715-200x134.jpg\" alt=\"DSCF5715\" width=\"200\" height=\"134\" srcset=\"https:\/\/ccs2.ufpel.edu.br\/wp\/wp-content\/uploads\/2016\/06\/DSCF5715-200x134.jpg 200w, https:\/\/ccs2.ufpel.edu.br\/wp\/wp-content\/uploads\/2016\/06\/DSCF5715-160x107.jpg 160w, https:\/\/ccs2.ufpel.edu.br\/wp\/wp-content\/uploads\/2016\/06\/DSCF5715-768x513.jpg 768w, https:\/\/ccs2.ufpel.edu.br\/wp\/wp-content\/uploads\/2016\/06\/DSCF5715-898x600.jpg 898w\" sizes=\"auto, (max-width: 200px) 100vw, 200px\" \/>O Programa de P\u00f3s-Gradua\u00e7\u00e3o em Educa\u00e7\u00e3o (PPGE), da Faculdade de Educa\u00e7\u00e3o da UFPel, est\u00e1 recebendo o professor visitante Bekisizwe Ndimande, da Universidade do Texas (EUA). Ndimande participar\u00e1 de v\u00e1rias atividades de ensino, pesquisa e extens\u00e3o na UFPel.<\/p>\n<p>Nascido e criado na \u00c1frica do Sul durante o apartheid, o docente vem partilhando suas experi\u00eancias de vida e de pesquisa com professores da Universidade, alunos da gradua\u00e7\u00e3o e da p\u00f3s-gradua\u00e7\u00e3o, e com professores e alunos da Educa\u00e7\u00e3o B\u00e1sica. Na segunda-feira (27), ele esteve no Grupo de Pesquisa Hist\u00f3ria da Alfabetiza\u00e7\u00e3o, Leitura, Escrita e dos Livros Escolares (Hisales) para conversar com os integrantes do grupo e conhecer os acervos da sala.<\/p>\n<p>J\u00e1 na ter\u00e7a (28), o sul-africano esteve na Escola Estadual Nossa Senhora dos Navegantes, no Bairro Navegantes, com alunos do Programa de Inicia\u00e7\u00e3o \u00e0 Doc\u00eancia, professores e alunos da escola, acompanhando as atividades e dialogando com a comunidade escolar.<\/p>\n","protected":false},"excerpt":{"rendered":"<p>O Programa de P\u00f3s-Gradua\u00e7\u00e3o em Educa\u00e7\u00e3o (PPGE), da Faculdade de Educa\u00e7\u00e3o da UFPel, est\u00e1 recebendo o professor visitante Bekisizwe Ndimande, da Universidade do Texas (EUA). Ndimande participar\u00e1 de v\u00e1rias atividades de ensino, pesquisa e extens\u00e3o na UFPel. Nascido e criado na \u00c1frica do Sul durante o apartheid, o docente vem partilhando suas experi\u00eancias de vida [&hellip;]<\/p>\n","protected":false},"author":9,"featured_media":58170,"comment_status":"closed","ping_status":"closed","sticky":false,"template":"","format":"standard","meta":{"_jetpack_memberships_contains_paid_content":false,"footnotes":""},"categories":[1],"tags":[],"class_list":["post-58168","post","type-post","status-publish","format-standard","has-post-thumbnail","hentry","category-noticias"],"jetpack_featured_media_url":"https:\/\/ccs2.ufpel.edu.br\/wp\/wp-content\/uploads\/2016\/06\/DSCF5715.jpg","jetpack_sharing_enabled":true,"_links":{"self":[{"href":"https:\/\/ccs2.ufpel.edu.br\/wp\/wp-json\/wp\/v2\/posts\/58168","targetHints":{"allow":["GET"]}}],"collection":[{"href":"https:\/\/ccs2.ufpel.edu.br\/wp\/wp-json\/wp\/v2\/posts"}],"about":[{"href":"https:\/\/ccs2.ufpel.edu.br\/wp\/wp-json\/wp\/v2\/types\/post"}],"author":[{"embeddable":true,"href":"https:\/\/ccs2.ufpel.edu.br\/wp\/wp-json\/wp\/v2\/users\/9"}],"replies":[{"embeddable":true,"href":"https:\/\/ccs2.ufpel.edu.br\/wp\/wp-json\/wp\/v2\/comments?post=58168"}],"version-history":[{"count":2,"href":"https:\/\/ccs2.ufpel.edu.br\/wp\/wp-json\/wp\/v2\/posts\/58168\/revisions"}],"predecessor-version":[{"id":58172,"href":"https:\/\/ccs2.ufpel.edu.br\/wp\/wp-json\/wp\/v2\/posts\/58168\/revisions\/58172"}],"wp:featuredmedia":[{"embeddable":true,"href":"https:\/\/ccs2.ufpel.edu.br\/wp\/wp-json\/wp\/v2\/media\/58170"}],"wp:attachment":[{"href":"https:\/\/ccs2.ufpel.edu.br\/wp\/wp-json\/wp\/v2\/media?parent=58168"}],"wp:term":[{"taxonomy":"category","embeddable":true,"href":"https:\/\/ccs2.ufpel.edu.br\/wp\/wp-json\/wp\/v2\/categories?post=58168"},{"taxonomy":"post_tag","embeddable":true,"href":"https:\/\/ccs2.ufpel.edu.br\/wp\/wp-json\/wp\/v2\/tags?post=58168"}],"curies":[{"name":"wp","href":"https:\/\/api.w.org\/{rel}","templated":true}]}}