{"id":127380,"date":"2024-11-05T12:19:55","date_gmt":"2024-11-05T15:19:55","guid":{"rendered":"https:\/\/ccs2.ufpel.edu.br\/wp\/?p=127380"},"modified":"2024-11-05T12:23:02","modified_gmt":"2024-11-05T15:23:02","slug":"sistema-eletronico-de-informacoes-sei-passa-por-atualizacao","status":"publish","type":"post","link":"https:\/\/ccs2.ufpel.edu.br\/wp\/2024\/11\/05\/sistema-eletronico-de-informacoes-sei-passa-por-atualizacao\/","title":{"rendered":"Sistema Eletr\u00f4nico de Informa\u00e7\u00f5es (SEI) conta com novas funcionalidades"},"content":{"rendered":"<p><a href=\"https:\/\/ccs2.ufpel.edu.br\/wp\/wp-content\/uploads\/2024\/10\/sei-versao-4-vem-ai-feed-1.png\"><img loading=\"lazy\" decoding=\"async\" data-attachment-id=\"127275\" data-permalink=\"https:\/\/ccs2.ufpel.edu.br\/wp\/2024\/10\/31\/em-razao-de-atualizacao-o-sistema-eletronico-de-informacoes-estara-inoperante-a-partir-de-quinta-feira-31\/sei-versao-4-vem-ai-feed-1-2\/\" data-orig-file=\"https:\/\/ccs2.ufpel.edu.br\/wp\/wp-content\/uploads\/2024\/10\/sei-versao-4-vem-ai-feed-1.png\" data-orig-size=\"1417,1417\" data-comments-opened=\"0\" data-image-meta=\"{&quot;aperture&quot;:&quot;0&quot;,&quot;credit&quot;:&quot;&quot;,&quot;camera&quot;:&quot;&quot;,&quot;caption&quot;:&quot;&quot;,&quot;created_timestamp&quot;:&quot;0&quot;,&quot;copyright&quot;:&quot;&quot;,&quot;focal_length&quot;:&quot;0&quot;,&quot;iso&quot;:&quot;0&quot;,&quot;shutter_speed&quot;:&quot;0&quot;,&quot;title&quot;:&quot;&quot;,&quot;orientation&quot;:&quot;0&quot;}\" data-image-title=\"SEI Vem A\u00ed\" data-image-description=\"\" data-image-caption=\"\" data-medium-file=\"https:\/\/ccs2.ufpel.edu.br\/wp\/wp-content\/uploads\/2024\/10\/sei-versao-4-vem-ai-feed-1-400x400.png\" data-large-file=\"https:\/\/ccs2.ufpel.edu.br\/wp\/wp-content\/uploads\/2024\/10\/sei-versao-4-vem-ai-feed-1-1024x1024.png\" class=\"alignleft size-medium wp-image-127275\" src=\"https:\/\/ccs2.ufpel.edu.br\/wp\/wp-content\/uploads\/2024\/10\/sei-versao-4-vem-ai-feed-1-400x400.png\" alt=\"\" width=\"400\" height=\"400\" srcset=\"https:\/\/ccs2.ufpel.edu.br\/wp\/wp-content\/uploads\/2024\/10\/sei-versao-4-vem-ai-feed-1-400x400.png 400w, https:\/\/ccs2.ufpel.edu.br\/wp\/wp-content\/uploads\/2024\/10\/sei-versao-4-vem-ai-feed-1-1024x1024.png 1024w, https:\/\/ccs2.ufpel.edu.br\/wp\/wp-content\/uploads\/2024\/10\/sei-versao-4-vem-ai-feed-1-200x200.png 200w, https:\/\/ccs2.ufpel.edu.br\/wp\/wp-content\/uploads\/2024\/10\/sei-versao-4-vem-ai-feed-1-768x768.png 768w, https:\/\/ccs2.ufpel.edu.br\/wp\/wp-content\/uploads\/2024\/10\/sei-versao-4-vem-ai-feed-1.png 1417w\" sizes=\"auto, (max-width: 400px) 100vw, 400px\" \/><\/a>Na segunda-feira (4), o Sistema Eletr\u00f4nico de Informa\u00e7\u00f5es (SEI) da <strong>Universidade Federal de Pelotas<\/strong> (UFPel) est\u00e1 funcionando com a nova atualiza\u00e7\u00e3o. A quarta vers\u00e3o do SEI disponibiliza nova interface, ferramenta de controle de prazos, coment\u00e1rios em processos e documentos, maior transpar\u00eancia, entre outras funcionalidades e recursos visuais. O SEI \u00e9 utilizado na UFPel desde novembro de 2017, com o objetivo de otimizar processos administrativos e a gest\u00e3o de documentos.<\/p>\n<p>Com a utiliza\u00e7\u00e3o do meio eletr\u00f4nico, a tecnologia evita a circula\u00e7\u00e3o de papel, o que traz contribui\u00e7\u00f5es ambientais e economia de tempo e de recursos p\u00fablicos. Nesse per\u00edodo, foram gerados na UFPel cerca de 307 mil processos e 1,4 milh\u00e3o de documentos. A tecnologia foi desenvolvida pela Justi\u00e7a Federal da 4\u00aa Regi\u00e3o (TRF4) em 2009, que cede o direito de uso para centenas de outras institui\u00e7\u00f5es.<\/p>\n","protected":false},"excerpt":{"rendered":"<p>Na segunda-feira (4), o Sistema Eletr\u00f4nico de Informa\u00e7\u00f5es (SEI) da Universidade Federal de Pelotas (UFPel) est\u00e1 funcionando com a nova atualiza\u00e7\u00e3o. A quarta vers\u00e3o do SEI disponibiliza nova interface, ferramenta de controle de prazos, coment\u00e1rios em processos e documentos, maior transpar\u00eancia, entre outras funcionalidades e recursos visuais. O SEI \u00e9 utilizado na UFPel desde novembro [&hellip;]<\/p>\n","protected":false},"author":17,"featured_media":0,"comment_status":"closed","ping_status":"closed","sticky":false,"template":"","format":"standard","meta":{"_jetpack_memberships_contains_paid_content":false,"footnotes":""},"categories":[18,1],"tags":[3290,410,818,1907],"class_list":["post-127380","post","type-post","status-publish","format-standard","hentry","category-informes-administrativos","category-noticias","tag-comunidade-externa","tag-docentes","tag-estudantes","tag-taes"],"jetpack_featured_media_url":"","jetpack_sharing_enabled":true,"_links":{"self":[{"href":"https:\/\/ccs2.ufpel.edu.br\/wp\/wp-json\/wp\/v2\/posts\/127380","targetHints":{"allow":["GET"]}}],"collection":[{"href":"https:\/\/ccs2.ufpel.edu.br\/wp\/wp-json\/wp\/v2\/posts"}],"about":[{"href":"https:\/\/ccs2.ufpel.edu.br\/wp\/wp-json\/wp\/v2\/types\/post"}],"author":[{"embeddable":true,"href":"https:\/\/ccs2.ufpel.edu.br\/wp\/wp-json\/wp\/v2\/users\/17"}],"replies":[{"embeddable":true,"href":"https:\/\/ccs2.ufpel.edu.br\/wp\/wp-json\/wp\/v2\/comments?post=127380"}],"version-history":[{"count":4,"href":"https:\/\/ccs2.ufpel.edu.br\/wp\/wp-json\/wp\/v2\/posts\/127380\/revisions"}],"predecessor-version":[{"id":127385,"href":"https:\/\/ccs2.ufpel.edu.br\/wp\/wp-json\/wp\/v2\/posts\/127380\/revisions\/127385"}],"wp:attachment":[{"href":"https:\/\/ccs2.ufpel.edu.br\/wp\/wp-json\/wp\/v2\/media?parent=127380"}],"wp:term":[{"taxonomy":"category","embeddable":true,"href":"https:\/\/ccs2.ufpel.edu.br\/wp\/wp-json\/wp\/v2\/categories?post=127380"},{"taxonomy":"post_tag","embeddable":true,"href":"https:\/\/ccs2.ufpel.edu.br\/wp\/wp-json\/wp\/v2\/tags?post=127380"}],"curies":[{"name":"wp","href":"https:\/\/api.w.org\/{rel}","templated":true}]}}