{"id":124197,"date":"2024-03-01T12:38:40","date_gmt":"2024-03-01T15:38:40","guid":{"rendered":"https:\/\/ccs2.ufpel.edu.br\/wp\/?p=124197"},"modified":"2024-03-01T12:38:40","modified_gmt":"2024-03-01T15:38:40","slug":"ufpel-promovera-2o-mutirao-de-combate-ao-aedes-aegypti","status":"publish","type":"post","link":"https:\/\/ccs2.ufpel.edu.br\/wp\/2024\/03\/01\/ufpel-promovera-2o-mutirao-de-combate-ao-aedes-aegypti\/","title":{"rendered":"UFPel promover\u00e1 2\u00ba Mutir\u00e3o de Combate ao Aedes aegypti"},"content":{"rendered":"<p><a href=\"https:\/\/ccs2.ufpel.edu.br\/wp\/wp-content\/uploads\/2024\/03\/mutirao_1.jpeg\"><img loading=\"lazy\" decoding=\"async\" data-attachment-id=\"124199\" data-permalink=\"https:\/\/ccs2.ufpel.edu.br\/wp\/2024\/03\/01\/ufpel-promovera-2o-mutirao-de-combate-ao-aedes-aegypti\/mutirao_1\/\" data-orig-file=\"https:\/\/ccs2.ufpel.edu.br\/wp\/wp-content\/uploads\/2024\/03\/mutirao_1.jpeg\" data-orig-size=\"768,1024\" data-comments-opened=\"0\" data-image-meta=\"{&quot;aperture&quot;:&quot;0&quot;,&quot;credit&quot;:&quot;&quot;,&quot;camera&quot;:&quot;&quot;,&quot;caption&quot;:&quot;&quot;,&quot;created_timestamp&quot;:&quot;0&quot;,&quot;copyright&quot;:&quot;&quot;,&quot;focal_length&quot;:&quot;0&quot;,&quot;iso&quot;:&quot;0&quot;,&quot;shutter_speed&quot;:&quot;0&quot;,&quot;title&quot;:&quot;&quot;,&quot;orientation&quot;:&quot;0&quot;}\" data-image-title=\"mutirao_1\" data-image-description=\"\" data-image-caption=\"\" data-medium-file=\"https:\/\/ccs2.ufpel.edu.br\/wp\/wp-content\/uploads\/2024\/03\/mutirao_1-300x400.jpeg\" data-large-file=\"https:\/\/ccs2.ufpel.edu.br\/wp\/wp-content\/uploads\/2024\/03\/mutirao_1.jpeg\" class=\"size-medium wp-image-124199 alignleft\" src=\"https:\/\/ccs2.ufpel.edu.br\/wp\/wp-content\/uploads\/2024\/03\/mutirao_1-300x400.jpeg\" alt=\"\" width=\"300\" height=\"400\" srcset=\"https:\/\/ccs2.ufpel.edu.br\/wp\/wp-content\/uploads\/2024\/03\/mutirao_1-300x400.jpeg 300w, https:\/\/ccs2.ufpel.edu.br\/wp\/wp-content\/uploads\/2024\/03\/mutirao_1.jpeg 768w\" sizes=\"auto, (max-width: 300px) 100vw, 300px\" \/><\/a>Diante do cen\u00e1rio de alerta em todo o pa\u00eds pelo avan\u00e7o da dengue, a Comiss\u00e3o de Combate ao <em>Aedes aegypti<\/em> na Universidade Federal de Pelotas (UFPel) promove <a href=\"https:\/\/ccs2.ufpel.edu.br\/wp\/2023\/11\/29\/mutirao-de-combate-ao-mosquito-aedes-aegypti-e-realizado-em-diversos-predios-da-ufpel\/\">mais uma edi\u00e7\u00e3o<\/a> do mutir\u00e3o contra o inseto, transmissor da doen\u00e7a. As a\u00e7\u00f5es iniciam na segunda-feira (04) e se estendem durante o m\u00eas de mar\u00e7o, em diversos pr\u00e9dios da Universidade.<\/p>\n<p>O mutir\u00e3o contar\u00e1 com a participa\u00e7\u00e3o de agentes de endemias ligados \u00e0s Secretarias Municipais de Sa\u00fade de Pelotas e do Cap\u00e3o do Le\u00e3o. Em cada local visitado, ser\u00e1 realizada uma conversa sobre cuidados que devem ser tomados para evitar a prolifera\u00e7\u00e3o do mosquito e outras orienta\u00e7\u00f5es relacionadas ao tema. Os agentes, acompanhados de integrantes da Comiss\u00e3o de Combate ao Mosquito <em>Aedes aegypti<\/em> da UFPel, tamb\u00e9m realizar\u00e3o vistoria nos locais.<\/p>\n<p><a href=\"https:\/\/ccs2.ufpel.edu.br\/wp\/wp-content\/uploads\/2024\/03\/mutirao_2.jpeg\"><img loading=\"lazy\" decoding=\"async\" data-attachment-id=\"124200\" data-permalink=\"https:\/\/ccs2.ufpel.edu.br\/wp\/2024\/03\/01\/ufpel-promovera-2o-mutirao-de-combate-ao-aedes-aegypti\/mutirao_2\/\" data-orig-file=\"https:\/\/ccs2.ufpel.edu.br\/wp\/wp-content\/uploads\/2024\/03\/mutirao_2.jpeg\" data-orig-size=\"1024,768\" data-comments-opened=\"0\" data-image-meta=\"{&quot;aperture&quot;:&quot;0&quot;,&quot;credit&quot;:&quot;&quot;,&quot;camera&quot;:&quot;&quot;,&quot;caption&quot;:&quot;&quot;,&quot;created_timestamp&quot;:&quot;0&quot;,&quot;copyright&quot;:&quot;&quot;,&quot;focal_length&quot;:&quot;0&quot;,&quot;iso&quot;:&quot;0&quot;,&quot;shutter_speed&quot;:&quot;0&quot;,&quot;title&quot;:&quot;&quot;,&quot;orientation&quot;:&quot;0&quot;}\" data-image-title=\"mutirao_2\" data-image-description=\"\" data-image-caption=\"\" data-medium-file=\"https:\/\/ccs2.ufpel.edu.br\/wp\/wp-content\/uploads\/2024\/03\/mutirao_2-400x300.jpeg\" data-large-file=\"https:\/\/ccs2.ufpel.edu.br\/wp\/wp-content\/uploads\/2024\/03\/mutirao_2.jpeg\" class=\"size-medium wp-image-124200 alignleft\" src=\"https:\/\/ccs2.ufpel.edu.br\/wp\/wp-content\/uploads\/2024\/03\/mutirao_2-400x300.jpeg\" alt=\"\" width=\"400\" height=\"300\" srcset=\"https:\/\/ccs2.ufpel.edu.br\/wp\/wp-content\/uploads\/2024\/03\/mutirao_2-400x300.jpeg 400w, https:\/\/ccs2.ufpel.edu.br\/wp\/wp-content\/uploads\/2024\/03\/mutirao_2-768x576.jpeg 768w, https:\/\/ccs2.ufpel.edu.br\/wp\/wp-content\/uploads\/2024\/03\/mutirao_2.jpeg 1024w\" sizes=\"auto, (max-width: 400px) 100vw, 400px\" \/><\/a>A presidente da Comiss\u00e3o, T\u00e2nia Vieira, lembra que \u00e9 importante que a comunidade acad\u00eamica esteja atenta e colabore para evitar a prolifera\u00e7\u00e3o dos mosquitos, observando as medidas de preven\u00e7\u00e3o. Em caso de suspeita de locais dentro da Universidade que possam ser prop\u00edcios ao mosquito, o comunicado pode ser feito \u00e0 Superintend\u00eancia de Infraestrutura pelo telefone (53) 3284-3910. \u201cDevido aos altos \u00edndices de dengue no pa\u00eds e na regi\u00e3o, precisamos refor\u00e7ar os cuidados\u201d, ressaltou.<\/p>\n<p><a href=\"https:\/\/ccs2.ufpel.edu.br\/wp\/wp-content\/uploads\/2024\/03\/mutirao_4.jpg\"><img loading=\"lazy\" decoding=\"async\" data-attachment-id=\"124201\" data-permalink=\"https:\/\/ccs2.ufpel.edu.br\/wp\/2024\/03\/01\/ufpel-promovera-2o-mutirao-de-combate-ao-aedes-aegypti\/mutirao_4\/\" data-orig-file=\"https:\/\/ccs2.ufpel.edu.br\/wp\/wp-content\/uploads\/2024\/03\/mutirao_4.jpg\" data-orig-size=\"2560,1152\" data-comments-opened=\"0\" data-image-meta=\"{&quot;aperture&quot;:&quot;2.2&quot;,&quot;credit&quot;:&quot;&quot;,&quot;camera&quot;:&quot;SM-G998B&quot;,&quot;caption&quot;:&quot;&quot;,&quot;created_timestamp&quot;:&quot;1699265452&quot;,&quot;copyright&quot;:&quot;&quot;,&quot;focal_length&quot;:&quot;2.2&quot;,&quot;iso&quot;:&quot;50&quot;,&quot;shutter_speed&quot;:&quot;0.00051975051975052&quot;,&quot;title&quot;:&quot;&quot;,&quot;orientation&quot;:&quot;1&quot;}\" data-image-title=\"mutirao_4\" data-image-description=\"\" data-image-caption=\"\" data-medium-file=\"https:\/\/ccs2.ufpel.edu.br\/wp\/wp-content\/uploads\/2024\/03\/mutirao_4-400x180.jpg\" data-large-file=\"https:\/\/ccs2.ufpel.edu.br\/wp\/wp-content\/uploads\/2024\/03\/mutirao_4-1024x461.jpg\" class=\"size-medium wp-image-124201 alignleft\" src=\"https:\/\/ccs2.ufpel.edu.br\/wp\/wp-content\/uploads\/2024\/03\/mutirao_4-400x180.jpg\" alt=\"\" width=\"400\" height=\"180\" srcset=\"https:\/\/ccs2.ufpel.edu.br\/wp\/wp-content\/uploads\/2024\/03\/mutirao_4-400x180.jpg 400w, https:\/\/ccs2.ufpel.edu.br\/wp\/wp-content\/uploads\/2024\/03\/mutirao_4-1024x461.jpg 1024w, https:\/\/ccs2.ufpel.edu.br\/wp\/wp-content\/uploads\/2024\/03\/mutirao_4-768x346.jpg 768w, https:\/\/ccs2.ufpel.edu.br\/wp\/wp-content\/uploads\/2024\/03\/mutirao_4-1536x691.jpg 1536w, https:\/\/ccs2.ufpel.edu.br\/wp\/wp-content\/uploads\/2024\/03\/mutirao_4-2048x922.jpg 2048w\" sizes=\"auto, (max-width: 400px) 100vw, 400px\" \/><\/a>O Rio Grande do Sul registra a terceira maior letalidade pela dengue do pa\u00eds, com oito \u00f3bitos confirmados. O Estado tamb\u00e9m registra um aumento de 1.100% no n\u00famero de casos confirmados nas \u00faltimas quatro semanas, em compara\u00e7\u00e3o com o mesmo per\u00edodo de 2023. No total, s\u00e3o 9.608 casos confirmados em 466 dos 497 munic\u00edpios ga\u00fachos.<\/p>\n<p><strong>Medidas simples de preven\u00e7\u00e3o<\/strong><\/p>\n<p>\u2013 Manter caixas d\u2019\u00e1gua tampadas ou vedadas;<\/p>\n<p>\u2013 Guardar garrafas e vasilhas com a abertura virada para baixo;<\/p>\n<p>\u2013 N\u00e3o acumular pneus ao ar livre e descart\u00e1-los em locais adequados;<\/p>\n<p>\u2013 Manter pratinhos de vasos de plantas com areia;<\/p>\n<p>\u2013 Eliminar recipientes que possam acumular \u00e1gua;<\/p>\n<p>\u2013 Limpar ralos, uma vez por semana, com uso de \u00e1gua sanit\u00e1ria;<\/p>\n<p>\u2013 Manter p\u00e1tios limpos;<\/p>\n<p>\u2013 Limpar vasilhas de comida e \u00e1gua de animais;<\/p>\n<p>\u2013 Usar repelente nas partes do corpo que ficam expostas, como bra\u00e7os e pernas;<\/p>\n<p>\u2013 Usar telas nas portas e janelas das resid\u00eancias e mosquiteiros;<\/p>\n<p>\u2013 Cobrir a maior parte do corpo, quando poss\u00edvel.<\/p>\n<p><strong>Principais sintomas<\/strong><\/p>\n<p>\u2013 Febre alta (39\u00b0C a 40\u00b0C), com dura\u00e7\u00e3o de dois a sete dias;<\/p>\n<p>\u2013 Dor retroorbital (atr\u00e1s dos olhos);<\/p>\n<p>\u2013 Dor de cabe\u00e7a;<\/p>\n<p>\u2013 Dor no corpo;<\/p>\n<p>\u2013 Dor nas articula\u00e7\u00f5es;<\/p>\n<p>\u2013 Mal-estar geral;<\/p>\n<p>\u2013 N\u00e1usea;<\/p>\n<p>\u2013 V\u00f4mito;<\/p>\n<p>\u2013 Diarreia;<\/p>\n<p>\u2013 Manchas vermelhas na pele, com ou sem coceira.<\/p>\n<p><strong>Dia D<\/strong><\/p>\n<p>Neste s\u00e1bado (02) o Governo Federal promove o <a href=\"https:\/\/www.gov.br\/saude\/pt-br\/assuntos\/noticias\/2024\/fevereiro\/ministerio-da-saude-anuncia-dia-d-nacional-para-combater-a-dengue\">\u201cDia D de Mobiliza\u00e7\u00e3o Contra a Dengue\u201d<\/a>, para refor\u00e7ar as a\u00e7\u00f5es de preven\u00e7\u00e3o e elimina\u00e7\u00e3o dos focos do mosquito, com o tema \u201c10 minutos contra a dengue\u201d. Segundo o Minist\u00e9rio da Sa\u00fade, 75% dos criadouros do mosquito est\u00e3o em \u00e1reas residenciais. Portanto, o convite \u00e9 para que a popula\u00e7\u00e3o n\u00e3o deixe \u00e1gua parada e fa\u00e7a sua parte para evitar a prolifera\u00e7\u00e3o. Mais informa\u00e7\u00f5es est\u00e3o em <a href=\"http:\/\/gov.br\/mosquito\">gov.br\/mosquito<\/a>.<\/p>\n<p>&nbsp;<\/p>\n<p><em>* Com informa\u00e7\u00f5es da Assessoria de Comunica\u00e7\u00e3o do Estado do Rio Grande do Sul<\/em><\/p>\n","protected":false},"excerpt":{"rendered":"<p>Diante do cen\u00e1rio de alerta em todo o pa\u00eds pelo avan\u00e7o da dengue, a Comiss\u00e3o de Combate ao Aedes aegypti na Universidade Federal de Pelotas (UFPel) promove mais uma edi\u00e7\u00e3o do mutir\u00e3o contra o inseto, transmissor da doen\u00e7a. As a\u00e7\u00f5es iniciam na segunda-feira (04) e se estendem durante o m\u00eas de mar\u00e7o, em diversos pr\u00e9dios [&hellip;]<\/p>\n","protected":false},"author":13,"featured_media":124199,"comment_status":"closed","ping_status":"closed","sticky":false,"template":"","format":"standard","meta":{"_jetpack_memberships_contains_paid_content":false,"footnotes":""},"categories":[4,18,1],"tags":[843,1399,486],"class_list":["post-124197","post","type-post","status-publish","format-standard","has-post-thumbnail","hentry","category-destaque","category-informes-administrativos","category-noticias","tag-comissao-de-combate-ao-aedes-aegypti","tag-comunidade-academica","tag-prevencao"],"jetpack_featured_media_url":"https:\/\/ccs2.ufpel.edu.br\/wp\/wp-content\/uploads\/2024\/03\/mutirao_1.jpeg","jetpack_sharing_enabled":true,"_links":{"self":[{"href":"https:\/\/ccs2.ufpel.edu.br\/wp\/wp-json\/wp\/v2\/posts\/124197","targetHints":{"allow":["GET"]}}],"collection":[{"href":"https:\/\/ccs2.ufpel.edu.br\/wp\/wp-json\/wp\/v2\/posts"}],"about":[{"href":"https:\/\/ccs2.ufpel.edu.br\/wp\/wp-json\/wp\/v2\/types\/post"}],"author":[{"embeddable":true,"href":"https:\/\/ccs2.ufpel.edu.br\/wp\/wp-json\/wp\/v2\/users\/13"}],"replies":[{"embeddable":true,"href":"https:\/\/ccs2.ufpel.edu.br\/wp\/wp-json\/wp\/v2\/comments?post=124197"}],"version-history":[{"count":1,"href":"https:\/\/ccs2.ufpel.edu.br\/wp\/wp-json\/wp\/v2\/posts\/124197\/revisions"}],"predecessor-version":[{"id":124202,"href":"https:\/\/ccs2.ufpel.edu.br\/wp\/wp-json\/wp\/v2\/posts\/124197\/revisions\/124202"}],"wp:featuredmedia":[{"embeddable":true,"href":"https:\/\/ccs2.ufpel.edu.br\/wp\/wp-json\/wp\/v2\/media\/124199"}],"wp:attachment":[{"href":"https:\/\/ccs2.ufpel.edu.br\/wp\/wp-json\/wp\/v2\/media?parent=124197"}],"wp:term":[{"taxonomy":"category","embeddable":true,"href":"https:\/\/ccs2.ufpel.edu.br\/wp\/wp-json\/wp\/v2\/categories?post=124197"},{"taxonomy":"post_tag","embeddable":true,"href":"https:\/\/ccs2.ufpel.edu.br\/wp\/wp-json\/wp\/v2\/tags?post=124197"}],"curies":[{"name":"wp","href":"https:\/\/api.w.org\/{rel}","templated":true}]}}