{"id":123324,"date":"2023-12-05T19:50:53","date_gmt":"2023-12-05T22:50:53","guid":{"rendered":"https:\/\/ccs2.ufpel.edu.br\/wp\/?p=123324"},"modified":"2023-12-05T19:50:53","modified_gmt":"2023-12-05T22:50:53","slug":"espaco-de-arte-popular-encontro-de-saberes-e-inaugurado-na-ufpel","status":"publish","type":"post","link":"https:\/\/ccs2.ufpel.edu.br\/wp\/2023\/12\/05\/espaco-de-arte-popular-encontro-de-saberes-e-inaugurado-na-ufpel\/","title":{"rendered":"Espa\u00e7o de Arte Popular: Encontro de Saberes \u00e9 inaugurado na UFPel"},"content":{"rendered":"<p><a href=\"https:\/\/ccs2.ufpel.edu.br\/wp\/wp-content\/uploads\/2023\/12\/3-scaled.jpg\"><img loading=\"lazy\" decoding=\"async\" data-attachment-id=\"123327\" data-permalink=\"https:\/\/ccs2.ufpel.edu.br\/wp\/2023\/12\/05\/espaco-de-arte-popular-encontro-de-saberes-e-inaugurado-na-ufpel\/3-118\/\" data-orig-file=\"https:\/\/ccs2.ufpel.edu.br\/wp\/wp-content\/uploads\/2023\/12\/3-scaled.jpg\" data-orig-size=\"2560,1152\" data-comments-opened=\"0\" data-image-meta=\"{&quot;aperture&quot;:&quot;2.2&quot;,&quot;credit&quot;:&quot;&quot;,&quot;camera&quot;:&quot;SM-G998B&quot;,&quot;caption&quot;:&quot;&quot;,&quot;created_timestamp&quot;:&quot;1701680957&quot;,&quot;copyright&quot;:&quot;&quot;,&quot;focal_length&quot;:&quot;2.2&quot;,&quot;iso&quot;:&quot;200&quot;,&quot;shutter_speed&quot;:&quot;0.016666666666667&quot;,&quot;title&quot;:&quot;&quot;,&quot;orientation&quot;:&quot;1&quot;}\" data-image-title=\"3\" data-image-description=\"\" data-image-caption=\"\" data-medium-file=\"https:\/\/ccs2.ufpel.edu.br\/wp\/wp-content\/uploads\/2023\/12\/3-400x180.jpg\" data-large-file=\"https:\/\/ccs2.ufpel.edu.br\/wp\/wp-content\/uploads\/2023\/12\/3-1024x461.jpg\" class=\"size-medium wp-image-123327 alignleft\" src=\"https:\/\/ccs2.ufpel.edu.br\/wp\/wp-content\/uploads\/2023\/12\/3-400x180.jpg\" alt=\"\" width=\"400\" height=\"180\" srcset=\"https:\/\/ccs2.ufpel.edu.br\/wp\/wp-content\/uploads\/2023\/12\/3-400x180.jpg 400w, https:\/\/ccs2.ufpel.edu.br\/wp\/wp-content\/uploads\/2023\/12\/3-1024x461.jpg 1024w, https:\/\/ccs2.ufpel.edu.br\/wp\/wp-content\/uploads\/2023\/12\/3-768x346.jpg 768w, https:\/\/ccs2.ufpel.edu.br\/wp\/wp-content\/uploads\/2023\/12\/3-1536x691.jpg 1536w, https:\/\/ccs2.ufpel.edu.br\/wp\/wp-content\/uploads\/2023\/12\/3-2048x922.jpg 2048w\" sizes=\"auto, (max-width: 400px) 100vw, 400px\" \/><\/a>A comunidade ganha mais espa\u00e7o dentro da Universidade Federal de Pelotas (UFPel) com a inaugura\u00e7\u00e3o do Espa\u00e7o de Arte Popular: Encontro de Saberes. Ao adentrar o local, que fica ao lado da Livraria da UFPel, na rua Benjamin Constant, 1.071, os saberes populares se tornam ainda mais evidentes e valorizados, ocupando lugar na academia. A abertura oficial ocorreu nesta segunda-feira (04), com presen\u00e7a de autoridades universit\u00e1rias e mestres da cultura popular, palestra e apresenta\u00e7\u00f5es art\u00edsticas.<\/p>\n<p><a href=\"https:\/\/ccs2.ufpel.edu.br\/wp\/wp-content\/uploads\/2023\/12\/1-1-scaled.jpg\"><img loading=\"lazy\" decoding=\"async\" data-attachment-id=\"123328\" data-permalink=\"https:\/\/ccs2.ufpel.edu.br\/wp\/2023\/12\/05\/espaco-de-arte-popular-encontro-de-saberes-e-inaugurado-na-ufpel\/1-171\/\" data-orig-file=\"https:\/\/ccs2.ufpel.edu.br\/wp\/wp-content\/uploads\/2023\/12\/1-1-scaled.jpg\" data-orig-size=\"2560,1152\" data-comments-opened=\"0\" data-image-meta=\"{&quot;aperture&quot;:&quot;1.8&quot;,&quot;credit&quot;:&quot;&quot;,&quot;camera&quot;:&quot;SM-G998B&quot;,&quot;caption&quot;:&quot;&quot;,&quot;created_timestamp&quot;:&quot;1701678741&quot;,&quot;copyright&quot;:&quot;&quot;,&quot;focal_length&quot;:&quot;6.7&quot;,&quot;iso&quot;:&quot;50&quot;,&quot;shutter_speed&quot;:&quot;0.0022271714922049&quot;,&quot;title&quot;:&quot;&quot;,&quot;orientation&quot;:&quot;1&quot;}\" data-image-title=\"1\" data-image-description=\"\" data-image-caption=\"\" data-medium-file=\"https:\/\/ccs2.ufpel.edu.br\/wp\/wp-content\/uploads\/2023\/12\/1-1-400x180.jpg\" data-large-file=\"https:\/\/ccs2.ufpel.edu.br\/wp\/wp-content\/uploads\/2023\/12\/1-1-1024x461.jpg\" class=\"size-medium wp-image-123328 alignleft\" src=\"https:\/\/ccs2.ufpel.edu.br\/wp\/wp-content\/uploads\/2023\/12\/1-1-400x180.jpg\" alt=\"\" width=\"400\" height=\"180\" srcset=\"https:\/\/ccs2.ufpel.edu.br\/wp\/wp-content\/uploads\/2023\/12\/1-1-400x180.jpg 400w, https:\/\/ccs2.ufpel.edu.br\/wp\/wp-content\/uploads\/2023\/12\/1-1-1024x461.jpg 1024w, https:\/\/ccs2.ufpel.edu.br\/wp\/wp-content\/uploads\/2023\/12\/1-1-768x346.jpg 768w, https:\/\/ccs2.ufpel.edu.br\/wp\/wp-content\/uploads\/2023\/12\/1-1-1536x691.jpg 1536w, https:\/\/ccs2.ufpel.edu.br\/wp\/wp-content\/uploads\/2023\/12\/1-1-2048x922.jpg 2048w\" sizes=\"auto, (max-width: 400px) 100vw, 400px\" \/><\/a>O Espa\u00e7o de Arte Popular: Encontro de Saberes \u00e9 um lugar de aprendizado e criatividade, dedicado \u00e0 celebra\u00e7\u00e3o da riqueza da cultura popular. Um local onde as tradi\u00e7\u00f5es se encontram e se renovam e onde a universidade e a comunidade se entrela\u00e7am.<\/p>\n<p>O pr\u00f3-reitor de Extens\u00e3o e Cultura, Eraldo Pinheiro, destacou, na solenidade, que a inaugura\u00e7\u00e3o \u00e9 um sonho realizado. \u201cSempre pensamos em um espa\u00e7o que oportunizasse \u00e0s pessoas entrar na Universidade ou voltar a ela. Esse espa\u00e7o tem esse papel\u201d, disse. Ao agradecer o empenho das equipes das Pr\u00f3-Reitorias de Extens\u00e3o e Cultura (Prec) e Planejamento e Desenvolvimento (Proplan), da Superintend\u00eancia de Infraestrutura (Suinfra) e parcerias externas que tornaram o local poss\u00edvel, o gestor salientou a import\u00e2ncia de a UFPel conhecer as pessoas. \u201cN\u00e3o estamos em um mundo \u00e0 parte. Queremos estar junto e que as pessoas tragam suas viv\u00eancias. Que seja um espa\u00e7o de luz, de aproxima\u00e7\u00e3o, e que assim os muros da Universidade fiquem menores\u201d, conclamou.<\/p>\n<p><a href=\"https:\/\/ccs2.ufpel.edu.br\/wp\/wp-content\/uploads\/2023\/12\/2-1-scaled.jpg\"><img loading=\"lazy\" decoding=\"async\" data-attachment-id=\"123329\" data-permalink=\"https:\/\/ccs2.ufpel.edu.br\/wp\/2023\/12\/05\/espaco-de-arte-popular-encontro-de-saberes-e-inaugurado-na-ufpel\/2-149\/\" data-orig-file=\"https:\/\/ccs2.ufpel.edu.br\/wp\/wp-content\/uploads\/2023\/12\/2-1-scaled.jpg\" data-orig-size=\"2560,1152\" data-comments-opened=\"0\" data-image-meta=\"{&quot;aperture&quot;:&quot;2.2&quot;,&quot;credit&quot;:&quot;&quot;,&quot;camera&quot;:&quot;SM-G998B&quot;,&quot;caption&quot;:&quot;&quot;,&quot;created_timestamp&quot;:&quot;1701678860&quot;,&quot;copyright&quot;:&quot;&quot;,&quot;focal_length&quot;:&quot;2.2&quot;,&quot;iso&quot;:&quot;80&quot;,&quot;shutter_speed&quot;:&quot;0.0083333333333333&quot;,&quot;title&quot;:&quot;&quot;,&quot;orientation&quot;:&quot;1&quot;}\" data-image-title=\"2\" data-image-description=\"\" data-image-caption=\"\" data-medium-file=\"https:\/\/ccs2.ufpel.edu.br\/wp\/wp-content\/uploads\/2023\/12\/2-1-400x180.jpg\" data-large-file=\"https:\/\/ccs2.ufpel.edu.br\/wp\/wp-content\/uploads\/2023\/12\/2-1-1024x461.jpg\" class=\"size-medium wp-image-123329 alignleft\" src=\"https:\/\/ccs2.ufpel.edu.br\/wp\/wp-content\/uploads\/2023\/12\/2-1-400x180.jpg\" alt=\"\" width=\"400\" height=\"180\" srcset=\"https:\/\/ccs2.ufpel.edu.br\/wp\/wp-content\/uploads\/2023\/12\/2-1-400x180.jpg 400w, https:\/\/ccs2.ufpel.edu.br\/wp\/wp-content\/uploads\/2023\/12\/2-1-1024x461.jpg 1024w, https:\/\/ccs2.ufpel.edu.br\/wp\/wp-content\/uploads\/2023\/12\/2-1-768x346.jpg 768w, https:\/\/ccs2.ufpel.edu.br\/wp\/wp-content\/uploads\/2023\/12\/2-1-1536x691.jpg 1536w, https:\/\/ccs2.ufpel.edu.br\/wp\/wp-content\/uploads\/2023\/12\/2-1-2048x922.jpg 2048w\" sizes=\"auto, (max-width: 400px) 100vw, 400px\" \/><\/a>A vice-reitora Ursula Silva tamb\u00e9m celebrou o entrosamento entre Universidade e comunidade que se fortalece. \u201c\u00c9 um espa\u00e7o de conquista, em sintonia total com a comunidade\u201d, sublinhou. Segundo ela, a Universidade deve lutar pelas causas decoloniais e trazer autores e autoras negras e ind\u00edgenas para dentro dos curr\u00edculos, uma demanda que exige envolvimento de todas as pessoas em busca da representatividade. Para a gestora, escolas e comunidades s\u00e3o exemplos de inst\u00e2ncias que podem se fazer presentes no local, como troca e constru\u00e7\u00e3o de conhecimento e reconhecimento de saberes populares. \u201cEstamos trazendo novos saberes para a Universidade e isso n\u00e3o \u00e9 pouca coisa. \u00c9 simb\u00f3lico. Significa que a Universidade est\u00e1 cada vez mais envolvida com a contempla\u00e7\u00e3o da diversidade, da multiculturalidade e dos v\u00e1rios olhares sobre o mundo\u201d, disse. Segundo ela, com essa a\u00e7\u00e3o reflete a concretiza\u00e7\u00e3o, a cada dia, daquilo que se pensa que \u00e9 melhor para a sociedade. \u201cA gente precisa de outros olhares e de novas sensibilidades para salvar nosso planeta e isso passa por todas as culturas, respeito pelo outro, a dignidade de todas as exist\u00eancias, a valoriza\u00e7\u00e3o de todas as vidas e de todas as culturas\u201d, pontuou.<\/p>\n<p><a href=\"https:\/\/ccs2.ufpel.edu.br\/wp\/wp-content\/uploads\/2023\/12\/4-scaled.jpg\"><img loading=\"lazy\" decoding=\"async\" data-attachment-id=\"123331\" data-permalink=\"https:\/\/ccs2.ufpel.edu.br\/wp\/2023\/12\/05\/espaco-de-arte-popular-encontro-de-saberes-e-inaugurado-na-ufpel\/4-87\/\" data-orig-file=\"https:\/\/ccs2.ufpel.edu.br\/wp\/wp-content\/uploads\/2023\/12\/4-scaled.jpg\" data-orig-size=\"2560,1389\" data-comments-opened=\"0\" data-image-meta=\"{&quot;aperture&quot;:&quot;0&quot;,&quot;credit&quot;:&quot;&quot;,&quot;camera&quot;:&quot;&quot;,&quot;caption&quot;:&quot;&quot;,&quot;created_timestamp&quot;:&quot;0&quot;,&quot;copyright&quot;:&quot;&quot;,&quot;focal_length&quot;:&quot;0&quot;,&quot;iso&quot;:&quot;0&quot;,&quot;shutter_speed&quot;:&quot;0&quot;,&quot;title&quot;:&quot;&quot;,&quot;orientation&quot;:&quot;0&quot;}\" data-image-title=\"4\" data-image-description=\"\" data-image-caption=\"\" data-medium-file=\"https:\/\/ccs2.ufpel.edu.br\/wp\/wp-content\/uploads\/2023\/12\/4-400x217.jpg\" data-large-file=\"https:\/\/ccs2.ufpel.edu.br\/wp\/wp-content\/uploads\/2023\/12\/4-1024x556.jpg\" class=\"size-medium wp-image-123331 alignleft\" src=\"https:\/\/ccs2.ufpel.edu.br\/wp\/wp-content\/uploads\/2023\/12\/4-400x217.jpg\" alt=\"\" width=\"400\" height=\"217\" srcset=\"https:\/\/ccs2.ufpel.edu.br\/wp\/wp-content\/uploads\/2023\/12\/4-400x217.jpg 400w, https:\/\/ccs2.ufpel.edu.br\/wp\/wp-content\/uploads\/2023\/12\/4-1024x556.jpg 1024w, https:\/\/ccs2.ufpel.edu.br\/wp\/wp-content\/uploads\/2023\/12\/4-768x417.jpg 768w, https:\/\/ccs2.ufpel.edu.br\/wp\/wp-content\/uploads\/2023\/12\/4-1536x833.jpg 1536w, https:\/\/ccs2.ufpel.edu.br\/wp\/wp-content\/uploads\/2023\/12\/4-2048x1111.jpg 2048w\" sizes=\"auto, (max-width: 400px) 100vw, 400px\" \/><\/a>A troca de culturas, saberes e conhecimentos tamb\u00e9m foi destacada pela reitora, Isabela Andrade, que fez quest\u00e3o de fazer sua acolhida salientando que o espa\u00e7o rec\u00e9m-inaugurado pertence a todas as pessoas. O esfor\u00e7o das equipes da Prec, Proplan e Suinfra, em um momento ainda de bastante dificuldade or\u00e7ament\u00e1ria tamb\u00e9m foi destacado pela dirigente, que observou que, apesar das fragilidades, a UFPel tem conseguido avan\u00e7ar. \u201cNa nossa comunidade h\u00e1 pr\u00e1ticas importantes e fundamentais na forma\u00e7\u00e3o de estudantes. Esse \u00e9 um local de expectativas e concretiza\u00e7\u00f5es. Que ele seja usufru\u00eddo pela comunidade para que a gente aprenda, viva e fa\u00e7a uma Universidade cada vez mais diversa\u201d, comemorou.<\/p>\n<p><strong>Palestra e apresenta\u00e7\u00f5es art\u00edsticas marcam o uso do espa\u00e7o<\/strong><br \/>\n<a href=\"https:\/\/ccs2.ufpel.edu.br\/wp\/wp-content\/uploads\/2023\/12\/5-scaled.jpg\"><img loading=\"lazy\" decoding=\"async\" data-attachment-id=\"123332\" data-permalink=\"https:\/\/ccs2.ufpel.edu.br\/wp\/2023\/12\/05\/espaco-de-arte-popular-encontro-de-saberes-e-inaugurado-na-ufpel\/5-56\/\" data-orig-file=\"https:\/\/ccs2.ufpel.edu.br\/wp\/wp-content\/uploads\/2023\/12\/5-scaled.jpg\" data-orig-size=\"2560,1152\" data-comments-opened=\"0\" data-image-meta=\"{&quot;aperture&quot;:&quot;1.8&quot;,&quot;credit&quot;:&quot;&quot;,&quot;camera&quot;:&quot;SM-G998B&quot;,&quot;caption&quot;:&quot;&quot;,&quot;created_timestamp&quot;:&quot;1701682088&quot;,&quot;copyright&quot;:&quot;&quot;,&quot;focal_length&quot;:&quot;6.7&quot;,&quot;iso&quot;:&quot;250&quot;,&quot;shutter_speed&quot;:&quot;0.016666666666667&quot;,&quot;title&quot;:&quot;&quot;,&quot;orientation&quot;:&quot;1&quot;}\" data-image-title=\"5\" data-image-description=\"\" data-image-caption=\"\" data-medium-file=\"https:\/\/ccs2.ufpel.edu.br\/wp\/wp-content\/uploads\/2023\/12\/5-400x180.jpg\" data-large-file=\"https:\/\/ccs2.ufpel.edu.br\/wp\/wp-content\/uploads\/2023\/12\/5-1024x461.jpg\" class=\"size-medium wp-image-123332 alignleft\" src=\"https:\/\/ccs2.ufpel.edu.br\/wp\/wp-content\/uploads\/2023\/12\/5-400x180.jpg\" alt=\"\" width=\"400\" height=\"180\" srcset=\"https:\/\/ccs2.ufpel.edu.br\/wp\/wp-content\/uploads\/2023\/12\/5-400x180.jpg 400w, https:\/\/ccs2.ufpel.edu.br\/wp\/wp-content\/uploads\/2023\/12\/5-1024x461.jpg 1024w, https:\/\/ccs2.ufpel.edu.br\/wp\/wp-content\/uploads\/2023\/12\/5-768x346.jpg 768w, https:\/\/ccs2.ufpel.edu.br\/wp\/wp-content\/uploads\/2023\/12\/5-1536x691.jpg 1536w, https:\/\/ccs2.ufpel.edu.br\/wp\/wp-content\/uploads\/2023\/12\/5-2048x922.jpg 2048w\" sizes=\"auto, (max-width: 400px) 100vw, 400px\" \/><\/a>A primeira das atividades realizadas no novo ambiente foi a palestra \u201cA Urg\u00eancia por Corporeidades Girantes\u201d, trazida pela professora Katya Souza Gualter, da Universidade Federal do Rio de Janeiro (UFRJ). A convidada compartilhou os modos de a\u00e7\u00e3o de encontro de saberes que lidera, com \u00eaxito, na UFRJ e fora dela. Saudando o p\u00fablico, Katya destacou, de in\u00edcio, que o saber precisa ter sabor de afeto. Avan\u00e7ando no tema, a docente mencionou que as leis precisam de a\u00e7\u00e3o, exerc\u00edcio e pr\u00e1tica para se colocarem como agentes transformadores de vidas. Para isso, assegurou, a educa\u00e7\u00e3o para mostrar que a diversidade \u00e9 uma riqueza da humanidade \u00e9 fundamental.<\/p>\n<p><a href=\"https:\/\/ccs2.ufpel.edu.br\/wp\/wp-content\/uploads\/2023\/12\/6-scaled.jpg\"><img loading=\"lazy\" decoding=\"async\" data-attachment-id=\"123333\" data-permalink=\"https:\/\/ccs2.ufpel.edu.br\/wp\/2023\/12\/05\/espaco-de-arte-popular-encontro-de-saberes-e-inaugurado-na-ufpel\/6-43\/\" data-orig-file=\"https:\/\/ccs2.ufpel.edu.br\/wp\/wp-content\/uploads\/2023\/12\/6-scaled.jpg\" data-orig-size=\"2560,1152\" data-comments-opened=\"0\" data-image-meta=\"{&quot;aperture&quot;:&quot;2.4&quot;,&quot;credit&quot;:&quot;&quot;,&quot;camera&quot;:&quot;SM-G998B&quot;,&quot;caption&quot;:&quot;&quot;,&quot;created_timestamp&quot;:&quot;1701682196&quot;,&quot;copyright&quot;:&quot;&quot;,&quot;focal_length&quot;:&quot;9&quot;,&quot;iso&quot;:&quot;320&quot;,&quot;shutter_speed&quot;:&quot;0.016666666666667&quot;,&quot;title&quot;:&quot;&quot;,&quot;orientation&quot;:&quot;1&quot;}\" data-image-title=\"6\" data-image-description=\"\" data-image-caption=\"\" data-medium-file=\"https:\/\/ccs2.ufpel.edu.br\/wp\/wp-content\/uploads\/2023\/12\/6-400x180.jpg\" data-large-file=\"https:\/\/ccs2.ufpel.edu.br\/wp\/wp-content\/uploads\/2023\/12\/6-1024x461.jpg\" class=\"size-medium wp-image-123333 alignleft\" src=\"https:\/\/ccs2.ufpel.edu.br\/wp\/wp-content\/uploads\/2023\/12\/6-400x180.jpg\" alt=\"\" width=\"400\" height=\"180\" srcset=\"https:\/\/ccs2.ufpel.edu.br\/wp\/wp-content\/uploads\/2023\/12\/6-400x180.jpg 400w, https:\/\/ccs2.ufpel.edu.br\/wp\/wp-content\/uploads\/2023\/12\/6-1024x461.jpg 1024w, https:\/\/ccs2.ufpel.edu.br\/wp\/wp-content\/uploads\/2023\/12\/6-768x346.jpg 768w, https:\/\/ccs2.ufpel.edu.br\/wp\/wp-content\/uploads\/2023\/12\/6-1536x691.jpg 1536w, https:\/\/ccs2.ufpel.edu.br\/wp\/wp-content\/uploads\/2023\/12\/6-2048x922.jpg 2048w\" sizes=\"auto, (max-width: 400px) 100vw, 400px\" \/><\/a>A convidada abordou tamb\u00e9m o trabalho do Grupo de Pesquisa Ancestralidades em Rede e enfatizou: \u201cO Brasil \u00e9 um pa\u00eds racista. A mobiliza\u00e7\u00e3o antirracista n\u00e3o vem para desdizer os valores da branquitude, mas para afirmar os da negritude\u201d. A professora tamb\u00e9m adotou o termo \u201ccontracolonialismo\u201d \u2013 frente aos usuais \u201cdecolonialismo\u201d e \u201cdescolonialismo\u201d. \u201cTentaram, mas n\u00e3o fomos colonizados e n\u00e3o queremos isso. Falar em \u2018contracolonialismo\u2019 \u00e9 ir na contram\u00e3o\u201d, disse, pontuando ainda a urg\u00eancia por movimentos de aglutina\u00e7\u00e3o. \u201cDentro das universidades p\u00fablicas, \u00e9 preciso uni\u00e3o e cria\u00e7\u00e3o uma pol\u00edtica de acolhimento e assimila\u00e7\u00e3o desses mestres enquanto produtores de conhecimentos acad\u00eamicos\u201d, salientou.<\/p>\n<p>Na sequ\u00eancia, o espa\u00e7o recebeu participa\u00e7\u00f5es art\u00edsticas do projeto estrat\u00e9gico N\u00facleo de Teatro da UFPel e do Odara \u2013 Centro de A\u00e7\u00e3o Social, Cultural e Educacional, que tem o objetivo de ressignificar e valorizar a cultura negra no munic\u00edpio a partir do ativismo com arte, cultura, educa\u00e7\u00e3o e a\u00e7\u00e3o social permeada pela pot\u00eancia do tambor de Sopapo.<\/p>\n<p>Estiveram presentes nas apresenta\u00e7\u00f5es o mestre gri\u00f4 Dilermando Martins Freitas \u2013 um dos fundadores e coordenadores do Odara \u2013 Centro de A\u00e7\u00e3o, Social, Cultural e Educacional, mestrando no Programa de P\u00f3s-Gradua\u00e7\u00e3o em Educa\u00e7\u00e3o (PPGE\/UFPel) e integrante da A\u00e7\u00e3o Gri\u00f4 Nacional \u2013 e Cid Branco, ator desde 1979, tendo percorrido o Brasil fazendo teatro, hoje estudante de Licenciatura em Teatro na UFPel.<\/p>\n","protected":false},"excerpt":{"rendered":"<p>A comunidade ganha mais espa\u00e7o dentro da Universidade Federal de Pelotas (UFPel) com a inaugura\u00e7\u00e3o do Espa\u00e7o de Arte Popular: Encontro de Saberes. Ao adentrar o local, que fica ao lado da Livraria da UFPel, na rua Benjamin Constant, 1.071, os saberes populares se tornam ainda mais evidentes e valorizados, ocupando lugar na academia. A [&hellip;]<\/p>\n","protected":false},"author":13,"featured_media":123327,"comment_status":"closed","ping_status":"closed","sticky":false,"template":"","format":"standard","meta":{"_jetpack_memberships_contains_paid_content":false,"footnotes":""},"categories":[4,1],"tags":[834,653,3465,145,43,914,3469],"class_list":["post-123324","post","type-post","status-publish","format-standard","has-post-thumbnail","hentry","category-destaque","category-noticias","tag-arte-e-cultura","tag-comunidade","tag-espaco-de-arte-popular-encontro-de-saberes","tag-inauguracao","tag-prec","tag-pro-reitoria-de-extensao-e-cultura","tag-saberes-populares"],"jetpack_featured_media_url":"https:\/\/ccs2.ufpel.edu.br\/wp\/wp-content\/uploads\/2023\/12\/3-scaled.jpg","jetpack_sharing_enabled":true,"_links":{"self":[{"href":"https:\/\/ccs2.ufpel.edu.br\/wp\/wp-json\/wp\/v2\/posts\/123324","targetHints":{"allow":["GET"]}}],"collection":[{"href":"https:\/\/ccs2.ufpel.edu.br\/wp\/wp-json\/wp\/v2\/posts"}],"about":[{"href":"https:\/\/ccs2.ufpel.edu.br\/wp\/wp-json\/wp\/v2\/types\/post"}],"author":[{"embeddable":true,"href":"https:\/\/ccs2.ufpel.edu.br\/wp\/wp-json\/wp\/v2\/users\/13"}],"replies":[{"embeddable":true,"href":"https:\/\/ccs2.ufpel.edu.br\/wp\/wp-json\/wp\/v2\/comments?post=123324"}],"version-history":[{"count":2,"href":"https:\/\/ccs2.ufpel.edu.br\/wp\/wp-json\/wp\/v2\/posts\/123324\/revisions"}],"predecessor-version":[{"id":123334,"href":"https:\/\/ccs2.ufpel.edu.br\/wp\/wp-json\/wp\/v2\/posts\/123324\/revisions\/123334"}],"wp:featuredmedia":[{"embeddable":true,"href":"https:\/\/ccs2.ufpel.edu.br\/wp\/wp-json\/wp\/v2\/media\/123327"}],"wp:attachment":[{"href":"https:\/\/ccs2.ufpel.edu.br\/wp\/wp-json\/wp\/v2\/media?parent=123324"}],"wp:term":[{"taxonomy":"category","embeddable":true,"href":"https:\/\/ccs2.ufpel.edu.br\/wp\/wp-json\/wp\/v2\/categories?post=123324"},{"taxonomy":"post_tag","embeddable":true,"href":"https:\/\/ccs2.ufpel.edu.br\/wp\/wp-json\/wp\/v2\/tags?post=123324"}],"curies":[{"name":"wp","href":"https:\/\/api.w.org\/{rel}","templated":true}]}}