{"id":113582,"date":"2022-08-26T11:36:52","date_gmt":"2022-08-26T14:36:52","guid":{"rendered":"https:\/\/ccs2.ufpel.edu.br\/wp\/?p=113582"},"modified":"2022-08-31T09:50:46","modified_gmt":"2022-08-31T12:50:46","slug":"ufpel-promove-concurso-publico-docente","status":"publish","type":"post","link":"https:\/\/ccs2.ufpel.edu.br\/wp\/2022\/08\/26\/ufpel-promove-concurso-publico-docente\/","title":{"rendered":"UFPel promove concurso p\u00fablico docente"},"content":{"rendered":"<p><a href=\"https:\/\/ccs2.ufpel.edu.br\/wp\/wp-content\/uploads\/2022\/08\/Card-e-Stories-Conc-Publico-Prof-Efetivo_Edital-017-2022_Pagina-1.png\"><img loading=\"lazy\" decoding=\"async\" data-attachment-id=\"113661\" data-permalink=\"https:\/\/ccs2.ufpel.edu.br\/wp\/2022\/08\/26\/ufpel-promove-concurso-publico-docente\/card-e-stories-conc-publico-prof-efetivo_edital-017-2022_pagina-1\/\" data-orig-file=\"https:\/\/ccs2.ufpel.edu.br\/wp\/wp-content\/uploads\/2022\/08\/Card-e-Stories-Conc-Publico-Prof-Efetivo_Edital-017-2022_Pagina-1.png\" data-orig-size=\"1333,1067\" data-comments-opened=\"0\" data-image-meta=\"{&quot;aperture&quot;:&quot;0&quot;,&quot;credit&quot;:&quot;&quot;,&quot;camera&quot;:&quot;&quot;,&quot;caption&quot;:&quot;&quot;,&quot;created_timestamp&quot;:&quot;0&quot;,&quot;copyright&quot;:&quot;&quot;,&quot;focal_length&quot;:&quot;0&quot;,&quot;iso&quot;:&quot;0&quot;,&quot;shutter_speed&quot;:&quot;0&quot;,&quot;title&quot;:&quot;&quot;,&quot;orientation&quot;:&quot;0&quot;}\" data-image-title=\"Card e Stories-(Conc-P\u00fablico-Prof-Efetivo)_Edital-017-2022_P\u00e1gina 1\" data-image-description=\"\" data-image-caption=\"\" data-medium-file=\"https:\/\/ccs2.ufpel.edu.br\/wp\/wp-content\/uploads\/2022\/08\/Card-e-Stories-Conc-Publico-Prof-Efetivo_Edital-017-2022_Pagina-1-400x320.png\" data-large-file=\"https:\/\/ccs2.ufpel.edu.br\/wp\/wp-content\/uploads\/2022\/08\/Card-e-Stories-Conc-Publico-Prof-Efetivo_Edital-017-2022_Pagina-1-1024x820.png\" class=\"size-medium wp-image-113661 alignleft\" src=\"https:\/\/ccs2.ufpel.edu.br\/wp\/wp-content\/uploads\/2022\/08\/Card-e-Stories-Conc-Publico-Prof-Efetivo_Edital-017-2022_Pagina-1-400x320.png\" alt=\"\" width=\"400\" height=\"320\" srcset=\"https:\/\/ccs2.ufpel.edu.br\/wp\/wp-content\/uploads\/2022\/08\/Card-e-Stories-Conc-Publico-Prof-Efetivo_Edital-017-2022_Pagina-1-400x320.png 400w, https:\/\/ccs2.ufpel.edu.br\/wp\/wp-content\/uploads\/2022\/08\/Card-e-Stories-Conc-Publico-Prof-Efetivo_Edital-017-2022_Pagina-1-1024x820.png 1024w, https:\/\/ccs2.ufpel.edu.br\/wp\/wp-content\/uploads\/2022\/08\/Card-e-Stories-Conc-Publico-Prof-Efetivo_Edital-017-2022_Pagina-1-768x615.png 768w, https:\/\/ccs2.ufpel.edu.br\/wp\/wp-content\/uploads\/2022\/08\/Card-e-Stories-Conc-Publico-Prof-Efetivo_Edital-017-2022_Pagina-1.png 1333w\" sizes=\"auto, (max-width: 400px) 100vw, 400px\" \/><\/a>A Universidade Federal de Pelotas, por meio da Coordena\u00e7\u00e3o de Administra\u00e7\u00e3o de Pessoal (CAP\/UFPel), realiza Concurso P\u00fablico de Provas e T\u00edtulos para a Carreira do Magist\u00e9rio Superior. S\u00e3o 20 vagas. As inscri\u00e7\u00f5es est\u00e3o abertas e podem ser feitas at\u00e9 o dia 12 de setembro. O edital e demais informa\u00e7\u00f5es sobre o concurso est\u00e3o dispon\u00edveis <a href=\"http:\/\/ces.ufpel.edu.br\/conctecadmed0017_2022\/\">nesta p\u00e1gina<\/a>.<\/p>\n<p>As vagas est\u00e3o distribu\u00eddas nos cursos de Artes Visuais \u2013 Licenciatura, Qu\u00edmica \u2013 Licenciatura, Engenharia Agr\u00edcola, Fisioterapia, Departamento de Solos (Faculdade de Agronomia Eliseu Maciel), Departamento de Fundamentos da Educa\u00e7\u00e3o (Faculdade de Educa\u00e7\u00e3o), Departamento de Cl\u00ednica M\u00e9dica (Faculdade de Medicina), Departamento de Medicina Especializada (Faculdade de Medicina), Departamento de Medicina Social (Faculdade de Medicina), curso de Terapia Ocupacional, Departamento de Odontologia Restauradora (Faculdade de Odontologia), Departamento de Semiologia e Cl\u00ednica (Faculdade de Odontologia), Departamento de Microbiologia e Parasitologia (Instituto de Biologia), Departamento de Bot\u00e2nica (Instituto de Biologia) e Departamento de Geografia (Instituto de Ci\u00eancias Humanas).<\/p>\n<p>O per\u00edodo prov\u00e1vel de realiza\u00e7\u00e3o das provas \u00e9 de 31 de outubro a 20 de novembro de 2022, devendo ser observado o cronograma espec\u00edfico de cada \u00e1rea. O per\u00edodo de realiza\u00e7\u00e3o das provas poder\u00e1 sofrer altera\u00e7\u00e3o em raz\u00e3o do n\u00famero de candidatos inscritos para cada \u00e1rea. As modalidades de avalia\u00e7\u00e3o ser\u00e3o Prova Escrita, Prova Did\u00e1tica, Prova de Defesa de Memorial Descritivo e do Plano de Atividades Acad\u00eamicas e Exame de T\u00edtulos.<\/p>\n","protected":false},"excerpt":{"rendered":"<p>A Universidade Federal de Pelotas, por meio da Coordena\u00e7\u00e3o de Administra\u00e7\u00e3o de Pessoal (CAP\/UFPel), realiza Concurso P\u00fablico de Provas e T\u00edtulos para a Carreira do Magist\u00e9rio Superior. S\u00e3o 20 vagas. As inscri\u00e7\u00f5es est\u00e3o abertas e podem ser feitas at\u00e9 o dia 12 de setembro. O edital e demais informa\u00e7\u00f5es sobre o concurso est\u00e3o dispon\u00edveis nesta [&hellip;]<\/p>\n","protected":false},"author":13,"featured_media":113661,"comment_status":"closed","ping_status":"closed","sticky":false,"template":"","format":"standard","meta":{"_jetpack_memberships_contains_paid_content":false,"footnotes":""},"categories":[4,1],"tags":[173,3200,76,1314,3199,410],"class_list":["post-113582","post","type-post","status-publish","format-standard","has-post-thumbnail","hentry","category-destaque","category-noticias","tag-concurso","tag-concurso-docente","tag-concursos","tag-concursos-publicos","tag-coordenacao-de-administracao-de-pessoal","tag-docentes"],"jetpack_featured_media_url":"https:\/\/ccs2.ufpel.edu.br\/wp\/wp-content\/uploads\/2022\/08\/Card-e-Stories-Conc-Publico-Prof-Efetivo_Edital-017-2022_Pagina-1.png","jetpack_sharing_enabled":true,"_links":{"self":[{"href":"https:\/\/ccs2.ufpel.edu.br\/wp\/wp-json\/wp\/v2\/posts\/113582","targetHints":{"allow":["GET"]}}],"collection":[{"href":"https:\/\/ccs2.ufpel.edu.br\/wp\/wp-json\/wp\/v2\/posts"}],"about":[{"href":"https:\/\/ccs2.ufpel.edu.br\/wp\/wp-json\/wp\/v2\/types\/post"}],"author":[{"embeddable":true,"href":"https:\/\/ccs2.ufpel.edu.br\/wp\/wp-json\/wp\/v2\/users\/13"}],"replies":[{"embeddable":true,"href":"https:\/\/ccs2.ufpel.edu.br\/wp\/wp-json\/wp\/v2\/comments?post=113582"}],"version-history":[{"count":2,"href":"https:\/\/ccs2.ufpel.edu.br\/wp\/wp-json\/wp\/v2\/posts\/113582\/revisions"}],"predecessor-version":[{"id":113662,"href":"https:\/\/ccs2.ufpel.edu.br\/wp\/wp-json\/wp\/v2\/posts\/113582\/revisions\/113662"}],"wp:featuredmedia":[{"embeddable":true,"href":"https:\/\/ccs2.ufpel.edu.br\/wp\/wp-json\/wp\/v2\/media\/113661"}],"wp:attachment":[{"href":"https:\/\/ccs2.ufpel.edu.br\/wp\/wp-json\/wp\/v2\/media?parent=113582"}],"wp:term":[{"taxonomy":"category","embeddable":true,"href":"https:\/\/ccs2.ufpel.edu.br\/wp\/wp-json\/wp\/v2\/categories?post=113582"},{"taxonomy":"post_tag","embeddable":true,"href":"https:\/\/ccs2.ufpel.edu.br\/wp\/wp-json\/wp\/v2\/tags?post=113582"}],"curies":[{"name":"wp","href":"https:\/\/api.w.org\/{rel}","templated":true}]}}