{"id":109041,"date":"2022-01-20T09:37:09","date_gmt":"2022-01-20T12:37:09","guid":{"rendered":"https:\/\/ccs2.ufpel.edu.br\/wp\/?p=109041"},"modified":"2022-01-20T09:37:09","modified_gmt":"2022-01-20T12:37:09","slug":"rancho-de-fevereiro-sera-entregue-nesta-sexta-21","status":"publish","type":"post","link":"https:\/\/ccs2.ufpel.edu.br\/wp\/2022\/01\/20\/rancho-de-fevereiro-sera-entregue-nesta-sexta-21\/","title":{"rendered":"Rancho de fevereiro ser\u00e1 entregue nesta sexta (21)"},"content":{"rendered":"<p>A Pr\u00f3-Reitoria de Assuntos Estudantis (Prae) refor\u00e7a que a entrega do rancho com insumos n\u00e3o perec\u00edveis ser\u00e1 realizada no dia 21\/01, nos seguintes hor\u00e1rios e locais, conforme solicita\u00e7\u00e3o do estudante:<\/p>\n<p>\u25cf Local 1: RU Unidade Centro, situado \u00e0 Rua Santa Cruz, 1.705:<br \/>\n&#8211; Hor\u00e1rio: Das 14h \u00e0s 17h<\/p>\n<p>\u25cf Local 2: Faculdade de Medicina (FAMED), situada \u00e0 Av. Duque de Caxias, 250 &#8211; Fragata:<br \/>\n&#8211; Hor\u00e1rio: Das 09h \u00e0s 10h30min<\/p>\n<p>\u25cf Local 3: Escola Superior de Educa\u00e7\u00e3o F\u00edsica (ESEF), situada \u00e0 Rua Lu\u00eds de Cam\u00f5es, 625 \u2013 Tr\u00eas Vendas:<br \/>\n&#8211; Hor\u00e1rio: Das 09h30min \u00e0s 10h30min<\/p>\n<p>\u00c9 obrigat\u00f3ria a retirada no dia e hor\u00e1rio agendados. Caso algu\u00e9m n\u00e3o compare\u00e7a, a entrega do rancho n\u00e3o ser\u00e1 garantida pela UFPel.<\/p>\n<p>\u00c9 obrigat\u00f3rio o uso de m\u00e1scara de prote\u00e7\u00e3o facial.<\/p>\n<p>\u00c9 obrigat\u00f3ria a apresenta\u00e7\u00e3o de documento de identifica\u00e7\u00e3o caso solicitado.<\/p>\n<p>Estudantes que optaram pela retirada do rancho n\u00e3o poder\u00e3o frequentar o Restaurante Universit\u00e1rio entre os dias 21 de janeiro e 21 de fevereiro, exceto para a retirada do Kit desjejum, \u00e0s quintas-feiras, para aqueles previamente cadastrados.<\/p>\n<p>Em caso de d\u00favidas, enviar e-mail para ru.praeufpel@gmail.com.<\/p>\n","protected":false},"excerpt":{"rendered":"<p>A Pr\u00f3-Reitoria de Assuntos Estudantis (Prae) refor\u00e7a que a entrega do rancho com insumos n\u00e3o perec\u00edveis ser\u00e1 realizada no dia 21\/01, nos seguintes hor\u00e1rios e locais, conforme solicita\u00e7\u00e3o do estudante: \u25cf Local 1: RU Unidade Centro, situado \u00e0 Rua Santa Cruz, 1.705: &#8211; Hor\u00e1rio: Das 14h \u00e0s 17h \u25cf Local 2: Faculdade de Medicina (FAMED), [&hellip;]<\/p>\n","protected":false},"author":13,"featured_media":0,"comment_status":"closed","ping_status":"closed","sticky":false,"template":"","format":"standard","meta":{"_jetpack_memberships_contains_paid_content":false,"footnotes":""},"categories":[17],"tags":[569,180,818,38,373,1935,1922],"class_list":["post-109041","post","type-post","status-publish","format-standard","hentry","category-informes-academicos","tag-alunos","tag-bolsistas","tag-estudantes","tag-prae","tag-pro-reitoria-de-assuntos-estudantis","tag-rancho","tag-rancho-de-alimentos"],"jetpack_featured_media_url":"","jetpack_sharing_enabled":true,"_links":{"self":[{"href":"https:\/\/ccs2.ufpel.edu.br\/wp\/wp-json\/wp\/v2\/posts\/109041","targetHints":{"allow":["GET"]}}],"collection":[{"href":"https:\/\/ccs2.ufpel.edu.br\/wp\/wp-json\/wp\/v2\/posts"}],"about":[{"href":"https:\/\/ccs2.ufpel.edu.br\/wp\/wp-json\/wp\/v2\/types\/post"}],"author":[{"embeddable":true,"href":"https:\/\/ccs2.ufpel.edu.br\/wp\/wp-json\/wp\/v2\/users\/13"}],"replies":[{"embeddable":true,"href":"https:\/\/ccs2.ufpel.edu.br\/wp\/wp-json\/wp\/v2\/comments?post=109041"}],"version-history":[{"count":1,"href":"https:\/\/ccs2.ufpel.edu.br\/wp\/wp-json\/wp\/v2\/posts\/109041\/revisions"}],"predecessor-version":[{"id":109043,"href":"https:\/\/ccs2.ufpel.edu.br\/wp\/wp-json\/wp\/v2\/posts\/109041\/revisions\/109043"}],"wp:attachment":[{"href":"https:\/\/ccs2.ufpel.edu.br\/wp\/wp-json\/wp\/v2\/media?parent=109041"}],"wp:term":[{"taxonomy":"category","embeddable":true,"href":"https:\/\/ccs2.ufpel.edu.br\/wp\/wp-json\/wp\/v2\/categories?post=109041"},{"taxonomy":"post_tag","embeddable":true,"href":"https:\/\/ccs2.ufpel.edu.br\/wp\/wp-json\/wp\/v2\/tags?post=109041"}],"curies":[{"name":"wp","href":"https:\/\/api.w.org\/{rel}","templated":true}]}}