{"id":106789,"date":"2021-09-21T10:14:30","date_gmt":"2021-09-21T13:14:30","guid":{"rendered":"https:\/\/ccs2.ufpel.edu.br\/wp\/?p=106789"},"modified":"2021-09-21T10:14:30","modified_gmt":"2021-09-21T13:14:30","slug":"i-ciclo-de-estudos-sobre-formacao-docente-praticas-pedagogicas-e-lutas-sociais-abre-inscricoes-2","status":"publish","type":"post","link":"https:\/\/ccs2.ufpel.edu.br\/wp\/2021\/09\/21\/i-ciclo-de-estudos-sobre-formacao-docente-praticas-pedagogicas-e-lutas-sociais-abre-inscricoes-2\/","title":{"rendered":"I Ciclo de estudos sobre Forma\u00e7\u00e3o Docente, Pr\u00e1ticas Pedag\u00f3gicas e Lutas Sociais abre inscri\u00e7\u00f5es"},"content":{"rendered":"<p><a href=\"https:\/\/ccs2.ufpel.edu.br\/wp\/2021\/09\/21\/i-ciclo-de-estudos-sobre-formacao-docente-praticas-pedagogicas-e-lutas-sociais-abre-inscricoes-2\/whatsapp-image-2021-09-20-at-20-44-01\/\" rel=\"attachment wp-att-106791\"><img loading=\"lazy\" decoding=\"async\" data-attachment-id=\"106791\" data-permalink=\"https:\/\/ccs2.ufpel.edu.br\/wp\/2021\/09\/21\/i-ciclo-de-estudos-sobre-formacao-docente-praticas-pedagogicas-e-lutas-sociais-abre-inscricoes-2\/whatsapp-image-2021-09-20-at-20-44-01\/\" data-orig-file=\"https:\/\/ccs2.ufpel.edu.br\/wp\/wp-content\/uploads\/2021\/09\/WhatsApp-Image-2021-09-20-at-20.44.01.jpeg\" data-orig-size=\"1600,1600\" data-comments-opened=\"0\" data-image-meta=\"{&quot;aperture&quot;:&quot;0&quot;,&quot;credit&quot;:&quot;&quot;,&quot;camera&quot;:&quot;&quot;,&quot;caption&quot;:&quot;&quot;,&quot;created_timestamp&quot;:&quot;0&quot;,&quot;copyright&quot;:&quot;&quot;,&quot;focal_length&quot;:&quot;0&quot;,&quot;iso&quot;:&quot;0&quot;,&quot;shutter_speed&quot;:&quot;0&quot;,&quot;title&quot;:&quot;&quot;,&quot;orientation&quot;:&quot;0&quot;}\" data-image-title=\"WhatsApp Image 2021-09-20 at 20.44.01\" data-image-description=\"\" data-image-caption=\"\" data-medium-file=\"https:\/\/ccs2.ufpel.edu.br\/wp\/wp-content\/uploads\/2021\/09\/WhatsApp-Image-2021-09-20-at-20.44.01-400x400.jpeg\" data-large-file=\"https:\/\/ccs2.ufpel.edu.br\/wp\/wp-content\/uploads\/2021\/09\/WhatsApp-Image-2021-09-20-at-20.44.01-1024x1024.jpeg\" class=\"alignnone size-full wp-image-106791\" src=\"https:\/\/ccs2.ufpel.edu.br\/wp\/wp-content\/uploads\/2021\/09\/WhatsApp-Image-2021-09-20-at-20.44.01.jpeg\" alt=\"\" width=\"1600\" height=\"1600\" srcset=\"https:\/\/ccs2.ufpel.edu.br\/wp\/wp-content\/uploads\/2021\/09\/WhatsApp-Image-2021-09-20-at-20.44.01.jpeg 1600w, https:\/\/ccs2.ufpel.edu.br\/wp\/wp-content\/uploads\/2021\/09\/WhatsApp-Image-2021-09-20-at-20.44.01-400x400.jpeg 400w, https:\/\/ccs2.ufpel.edu.br\/wp\/wp-content\/uploads\/2021\/09\/WhatsApp-Image-2021-09-20-at-20.44.01-1024x1024.jpeg 1024w, https:\/\/ccs2.ufpel.edu.br\/wp\/wp-content\/uploads\/2021\/09\/WhatsApp-Image-2021-09-20-at-20.44.01-200x200.jpeg 200w, https:\/\/ccs2.ufpel.edu.br\/wp\/wp-content\/uploads\/2021\/09\/WhatsApp-Image-2021-09-20-at-20.44.01-768x768.jpeg 768w, https:\/\/ccs2.ufpel.edu.br\/wp\/wp-content\/uploads\/2021\/09\/WhatsApp-Image-2021-09-20-at-20.44.01-1536x1536.jpeg 1536w\" sizes=\"auto, (max-width: 1600px) 100vw, 1600px\" \/><\/a><\/p>\n<p>Est\u00e3o abertas as inscri\u00e7\u00f5es para o I Ciclo de estudos sobre Forma\u00e7\u00e3o Docente, Pr\u00e1ticas Pedag\u00f3gicas e Lutas Sociais, organizado pelo Grupo de Pesquisa Movimentos Sociais, Escola P\u00fablica e Educa\u00e7\u00e3o Popular (MovSE). O Ciclo ocorre periodicamente e a pr\u00f3xima palestra ser\u00e1 ministrada pela Vera Maria Ferr\u00e3o Candau da Pontif\u00edcia Universidade Cat\u00f3lica do Rio de Janeiro (PUC-RIO) com o tema \u201cForma\u00e7\u00e3o docente e interculturalidade: construindo saberes-fazeres\u201d no dia 27 de setembro.<\/p>\n<p>As inscri\u00e7\u00f5es s\u00e3o gratuitas, limitadas a 25 vagas, e podem ser realizadas entre os dias dia 20 a 25 de setembro via <a href=\"https:\/\/docs.google.com\/forms\/d\/e\/1FAIpQLSd9sbx6WGIhkhvo54HDzYjTbbn66ZGh_EghU8QDaDUuYbeX4g\/viewform?usp=sf_link\">formul\u00e1rio de inscri\u00e7\u00e3o<\/a>.<\/p>\n<p>O evento \u00e9 aberto a professores\/as, pesquisadores\/as, estudantes de gradua\u00e7\u00e3o e p\u00f3s-gradua\u00e7\u00e3o e \u00e9 organizado pelas professoras Georgina Helena Lima Nunes, da Universidade Federal de Pelotas (UFPel), e Silvana Maria Gritti, da Universidade Federal do Pampa (UNIPAMPA).<\/p>\n<p><strong>Sobre o MOVSE<\/strong><\/p>\n<p>Grupo de Pesquisa Movimentos Sociais e Educa\u00e7\u00e3o \u2013 MovSE, \u00e9 um coletivo de docentes e discentes, do Programa de P\u00f3s-Gradua\u00e7\u00e3o da Faculdade de Educa\u00e7\u00e3o (FAE), da Universidade Federal de Pelotas, assim como de outras Institui\u00e7\u00f5es.<\/p>\n<p>No que tange \u00e0 FAE, o grupo faz parte da linha de pesquisa intitulada Forma\u00e7\u00e3o de Professores\/as. Este grupo tem origem na articula\u00e7\u00e3o de docentes pesquisadores\/as que, desde setembro de 2008, sentiram a necessidade de somar esfor\u00e7os na realiza\u00e7\u00e3o do trabalho que vinham desenvolvendo individualmente e que se identificam com a perspectiva da Educa\u00e7\u00e3o em espa\u00e7os formais e n\u00e3o formais cujas implica\u00e7\u00f5es convergem para uma aproxima\u00e7\u00e3o da universidade com a sociedade via comunidades tradicionais, urbanas e do campo; movimentos sociais, professores\/as das redes p\u00fablicas e secretarias de educa\u00e7\u00e3o demais espa\u00e7os da gest\u00e3o educacional local e nacional.<\/p>\n<p>O grupo insere a pesquisa como elemento potencializado e potencializador por\/de pr\u00e1ticas extensionistas na compreens\u00e3o do dinamismo existente na interlocu\u00e7\u00e3o entre universidade, forma\u00e7\u00e3o de professores\/as e um complexo contexto societ\u00e1rio.<\/p>\n<p>&nbsp;<\/p>\n","protected":false},"excerpt":{"rendered":"<p>Est\u00e3o abertas as inscri\u00e7\u00f5es para o I Ciclo de estudos sobre Forma\u00e7\u00e3o Docente, Pr\u00e1ticas Pedag\u00f3gicas e Lutas Sociais, organizado pelo Grupo de Pesquisa Movimentos Sociais, Escola P\u00fablica e Educa\u00e7\u00e3o Popular (MovSE). O Ciclo ocorre periodicamente e a pr\u00f3xima palestra ser\u00e1 ministrada pela Vera Maria Ferr\u00e3o Candau da Pontif\u00edcia Universidade Cat\u00f3lica do Rio de Janeiro (PUC-RIO) [&hellip;]<\/p>\n","protected":false},"author":7,"featured_media":0,"comment_status":"closed","ping_status":"closed","sticky":false,"template":"","format":"standard","meta":{"_jetpack_memberships_contains_paid_content":false,"footnotes":""},"categories":[1],"tags":[647,107,2841,2840],"class_list":["post-106789","post","type-post","status-publish","format-standard","hentry","category-noticias","tag-faculdade-de-educacao","tag-fae","tag-grupo-de-pesquisa-movimentos-sociais","tag-movse"],"jetpack_featured_media_url":"","jetpack_sharing_enabled":true,"_links":{"self":[{"href":"https:\/\/ccs2.ufpel.edu.br\/wp\/wp-json\/wp\/v2\/posts\/106789","targetHints":{"allow":["GET"]}}],"collection":[{"href":"https:\/\/ccs2.ufpel.edu.br\/wp\/wp-json\/wp\/v2\/posts"}],"about":[{"href":"https:\/\/ccs2.ufpel.edu.br\/wp\/wp-json\/wp\/v2\/types\/post"}],"author":[{"embeddable":true,"href":"https:\/\/ccs2.ufpel.edu.br\/wp\/wp-json\/wp\/v2\/users\/7"}],"replies":[{"embeddable":true,"href":"https:\/\/ccs2.ufpel.edu.br\/wp\/wp-json\/wp\/v2\/comments?post=106789"}],"version-history":[{"count":2,"href":"https:\/\/ccs2.ufpel.edu.br\/wp\/wp-json\/wp\/v2\/posts\/106789\/revisions"}],"predecessor-version":[{"id":106793,"href":"https:\/\/ccs2.ufpel.edu.br\/wp\/wp-json\/wp\/v2\/posts\/106789\/revisions\/106793"}],"wp:attachment":[{"href":"https:\/\/ccs2.ufpel.edu.br\/wp\/wp-json\/wp\/v2\/media?parent=106789"}],"wp:term":[{"taxonomy":"category","embeddable":true,"href":"https:\/\/ccs2.ufpel.edu.br\/wp\/wp-json\/wp\/v2\/categories?post=106789"},{"taxonomy":"post_tag","embeddable":true,"href":"https:\/\/ccs2.ufpel.edu.br\/wp\/wp-json\/wp\/v2\/tags?post=106789"}],"curies":[{"name":"wp","href":"https:\/\/api.w.org\/{rel}","templated":true}]}}